{"id":764,"date":"2024-03-06T09:13:54","date_gmt":"2024-03-06T08:13:54","guid":{"rendered":"https:\/\/schurchnews.e-lapse.ch\/?p=764"},"modified":"2024-03-06T09:55:24","modified_gmt":"2024-03-06T08:55:24","slug":"dou-vient-le-nom-decolletage","status":"publish","type":"post","link":"https:\/\/schurchnews.e-lapse.ch\/?p=764","title":{"rendered":"D\u2019o\u00f9 vient le nom d\u00e9colletage ?"},"content":{"rendered":"<p>[et_pb_section fb_built=\u00a0\u00bb1&Prime; _builder_version=\u00a0\u00bb4.21.0&Prime; _module_preset=\u00a0\u00bbdefault\u00a0\u00bb custom_padding=\u00a0\u00bb0px||0px|||\u00a0\u00bb global_colors_info=\u00a0\u00bb{}\u00a0\u00bb][et_pb_row _builder_version=\u00a0\u00bb4.21.0&Prime; _module_preset=\u00a0\u00bbdefault\u00a0\u00bb custom_padding=\u00a0\u00bb0px||0px|||\u00a0\u00bb global_colors_info=\u00a0\u00bb{}\u00a0\u00bb locked=\u00a0\u00bboff\u00a0\u00bb][et_pb_column type=\u00a0\u00bb4_4&Prime; _builder_version=\u00a0\u00bb4.21.0&Prime; _module_preset=\u00a0\u00bbdefault\u00a0\u00bb global_colors_info=\u00a0\u00bb{}\u00a0\u00bb][et_pb_text _builder_version=\u00a0\u00bb4.24.2&Prime; _module_preset=\u00a0\u00bbdefault\u00a0\u00bb header_font=\u00a0\u00bb|700||on|||||\u00a0\u00bb custom_margin=\u00a0\u00bb||0px||false|false\u00a0\u00bb custom_padding=\u00a0\u00bb||0px|||\u00a0\u00bb hover_enabled=\u00a0\u00bb0&Prime; header_font_size_tablet=\u00a0\u00bb25px\u00a0\u00bb header_font_size_phone=\u00a0\u00bb19px\u00a0\u00bb header_font_size_last_edited=\u00a0\u00bbon|phone\u00a0\u00bb global_colors_info=\u00a0\u00bb{}\u00a0\u00bb sticky_enabled=\u00a0\u00bb0&Prime;]<\/p>\n<h1>D&rsquo;o\u00f9 vient le nom d\u00e9colletage ?<\/h1>\n<p>[\/et_pb_text][\/et_pb_column][\/et_pb_row][et_pb_row column_structure=\u00a0\u00bb1_2,1_2&Prime; use_custom_gutter=\u00a0\u00bbon\u00a0\u00bb _builder_version=\u00a0\u00bb4.21.0&Prime; _module_preset=\u00a0\u00bbdefault\u00a0\u00bb custom_padding=\u00a0\u00bb0px||0px|||\u00a0\u00bb global_colors_info=\u00a0\u00bb{}\u00a0\u00bb][et_pb_column type=\u00a0\u00bb1_2&Prime; module_class=\u00a0\u00bbcol-art-left\u00a0\u00bb _builder_version=\u00a0\u00bb4.21.0&Prime; _module_preset=\u00a0\u00bbdefault\u00a0\u00bb custom_padding=\u00a0\u00bb||||false|false\u00a0\u00bb global_colors_info=\u00a0\u00bb{}\u00a0\u00bb][et_pb_video src=\u00a0\u00bbhttps:\/\/schurchnews.e-lapse.ch\/wp-content\/uploads\/2024\/03\/Animated-Social-Media-in-Dark-Green-White-Simple-and-Minimal-Style-1.mp4&Prime; image_src=\u00a0\u00bbhttps:\/\/schurchnews.e-lapse.ch\/wp-content\/uploads\/2024\/03\/cover2.jpg\u00a0\u00bb play_icon_color=\u00a0\u00bb#FFFFFF\u00a0\u00bb _builder_version=\u00a0\u00bb4.24.2&Prime; _module_preset=\u00a0\u00bbdefault\u00a0\u00bb global_colors_info=\u00a0\u00bb{}\u00a0\u00bb][\/et_pb_video][\/et_pb_column][et_pb_column type=\u00a0\u00bb1_2&Prime; module_class=\u00a0\u00bbcol-art-right\u00a0\u00bb _builder_version=\u00a0\u00bb4.21.0&Prime; _module_preset=\u00a0\u00bbdefault\u00a0\u00bb custom_padding=\u00a0\u00bb|||20px|false|false\u00a0\u00bb global_colors_info=\u00a0\u00bb{}\u00a0\u00bb][et_pb_text _builder_version=\u00a0\u00bb4.21.0&Prime; _module_preset=\u00a0\u00bbdefault\u00a0\u00bb header_font=\u00a0\u00bbInter|700|||||||\u00a0\u00bb header_2_font=\u00a0\u00bb||||||||\u00a0\u00bb header_2_font_size=\u00a0\u00bb19px\u00a0\u00bb custom_margin=\u00a0\u00bb||2px|||\u00a0\u00bb global_colors_info=\u00a0\u00bb{}\u00a0\u00bb]<\/p>\n<h2>Introduction<\/h2>\n<p>[\/et_pb_text][et_pb_text _builder_version=\u00a0\u00bb4.24.2&Prime; _module_preset=\u00a0\u00bbdefault\u00a0\u00bb header_2_font=\u00a0\u00bb|700||on|||||\u00a0\u00bb header_3_font=\u00a0\u00bb|700||on|||||\u00a0\u00bb header_4_font=\u00a0\u00bb|||on|||||\u00a0\u00bb header_4_font_size=\u00a0\u00bb14px\u00a0\u00bb header_4_line_height=\u00a0\u00bb1.2em\u00a0\u00bb custom_margin=\u00a0\u00bb||1px|||\u00a0\u00bb global_colors_info=\u00a0\u00bb{}\u00a0\u00bb]<\/p>\n<h4>Le nom de d\u00e9colletage provient de l\u2019op\u00e9ration de d\u00e9gagement du collet de vis dans l\u2019industrie horlog\u00e8re.<\/h4>\n<p>[\/et_pb_text][et_pb_text _builder_version=\u00a0\u00bb4.24.2&Prime; _module_preset=\u00a0\u00bbdefault\u00a0\u00bb custom_margin=\u00a0\u00bb||||false|false\u00a0\u00bb global_colors_info=\u00a0\u00bb{}\u00a0\u00bb]<\/p>\n<p>Dans le vaste monde de l&rsquo;industrie horlog\u00e8re, il existe un terme qui r\u00e9sonne comme une harmonie entre tradition et innovation : le d\u00e9colletage.<\/p>\n<p>Ce mot, aux consonances myst\u00e9rieuses, trouve son origine dans une op\u00e9ration pr\u00e9cise effectu\u00e9e sur les collets de vis.<\/p>\n<p>[\/et_pb_text][et_pb_text disabled_on=\u00a0\u00bbon|off|off\u00a0\u00bb _builder_version=\u00a0\u00bb4.24.2&Prime; _module_preset=\u00a0\u00bbdefault\u00a0\u00bb custom_margin=\u00a0\u00bb||||false|false\u00a0\u00bb global_colors_info=\u00a0\u00bb{}\u00a0\u00bb]<\/p>\n<p>Mais comment cette pratique, d&rsquo;apparence anodine, a-t-elle donn\u00e9 naissance \u00e0 un nom aussi \u00e9vocateur ?<\/p>\n<p>[\/et_pb_text][\/et_pb_column][\/et_pb_row][et_pb_row _builder_version=\u00a0\u00bb4.21.0&Prime; _module_preset=\u00a0\u00bbdefault\u00a0\u00bb custom_margin=\u00a0\u00bb30px||||false|false\u00a0\u00bb custom_padding=\u00a0\u00bb0px|||||\u00a0\u00bb global_colors_info=\u00a0\u00bb{}\u00a0\u00bb][et_pb_column type=\u00a0\u00bb4_4&Prime; _builder_version=\u00a0\u00bb4.21.0&Prime; _module_preset=\u00a0\u00bbdefault\u00a0\u00bb global_colors_info=\u00a0\u00bb{}\u00a0\u00bb][et_pb_text disabled_on=\u00a0\u00bboff|on|on\u00a0\u00bb _builder_version=\u00a0\u00bb4.24.2&Prime; _module_preset=\u00a0\u00bbdefault\u00a0\u00bb custom_margin=\u00a0\u00bb||||false|false\u00a0\u00bb global_colors_info=\u00a0\u00bb{}\u00a0\u00bb]<\/p>\n<p>Mais comment cette pratique, d&rsquo;apparence anodine, a-t-elle donn\u00e9 naissance \u00e0 un nom aussi \u00e9vocateur ?<\/p>\n<p>[\/et_pb_text][et_pb_text _builder_version=\u00a0\u00bb4.24.2&Prime; _module_preset=\u00a0\u00bbdefault\u00a0\u00bb header_font=\u00a0\u00bbInter|700|||||||\u00a0\u00bb header_2_font=\u00a0\u00bb||||||||\u00a0\u00bb header_2_font_size=\u00a0\u00bb19px\u00a0\u00bb custom_margin=\u00a0\u00bb||2px|||\u00a0\u00bb locked=\u00a0\u00bboff\u00a0\u00bb global_colors_info=\u00a0\u00bb{}\u00a0\u00bb]<\/p>\n<h2>Les Racines Historiques<\/h2>\n<p>[\/et_pb_text][et_pb_text _builder_version=\u00a0\u00bb4.24.2&Prime; _module_preset=\u00a0\u00bbdefault\u00a0\u00bb locked=\u00a0\u00bboff\u00a0\u00bb global_colors_info=\u00a0\u00bb{}\u00a0\u00bb]<\/p>\n<p>Remontons dans les m\u00e9andres du temps, \u00e0 l&rsquo;\u00e9poque o\u00f9 l&rsquo;artisanat horloger \u00e9mergeait avec gr\u00e2ce.<\/p>\n<p>Dans les ateliers de ces ma\u00eetres de la mesure du temps, chaque geste \u00e9tait empreint de minutie.<\/p>\n<p>L&rsquo;une des t\u00e2ches cruciales consistait \u00e0 d\u00e9gager le collet des vis, cette petite pi\u00e8ce assurant la liaison entre diff\u00e9rents composants.<\/p>\n<p>Ce geste, r\u00e9alis\u00e9 avec une pr\u00e9cision exquise, devint rapidement une pratique courante au sein de ces ateliers.<\/p>\n<p>[\/et_pb_text][\/et_pb_column][\/et_pb_row][et_pb_row column_structure=\u00a0\u00bb1_2,1_2&Prime; use_custom_gutter=\u00a0\u00bbon\u00a0\u00bb _builder_version=\u00a0\u00bb4.21.0&Prime; _module_preset=\u00a0\u00bbdefault\u00a0\u00bb custom_padding=\u00a0\u00bb0px||0px|||\u00a0\u00bb global_colors_info=\u00a0\u00bb{}\u00a0\u00bb][et_pb_column type=\u00a0\u00bb1_2&Prime; _builder_version=\u00a0\u00bb4.21.0&Prime; _module_preset=\u00a0\u00bbdefault\u00a0\u00bb global_colors_info=\u00a0\u00bb{}\u00a0\u00bb][et_pb_text _builder_version=\u00a0\u00bb4.24.2&Prime; _module_preset=\u00a0\u00bbdefault\u00a0\u00bb header_font=\u00a0\u00bbInter|700|||||||\u00a0\u00bb header_2_font=\u00a0\u00bb||||||||\u00a0\u00bb header_2_font_size=\u00a0\u00bb19px\u00a0\u00bb custom_margin=\u00a0\u00bb||2px|||\u00a0\u00bb global_colors_info=\u00a0\u00bb{}\u00a0\u00bb]<\/p>\n<h2>L&rsquo;Art du \u00ab\u00a0D\u00e9-Collet\u00a0\u00bb<\/h2>\n<p>[\/et_pb_text][et_pb_text _builder_version=\u00a0\u00bb4.24.2&Prime; _module_preset=\u00a0\u00bbdefault\u00a0\u00bb custom_margin=\u00a0\u00bb||7px|||\u00a0\u00bb global_colors_info=\u00a0\u00bb{}\u00a0\u00bb]<\/p>\n<p>Le terme \u00ab\u00a0d\u00e9colletage\u00a0\u00bb trouve ses origines dans cette op\u00e9ration minutieuse de d\u00e9gagement du collet.<\/p>\n<p>Litt\u00e9ralement, \u00ab\u00a0d\u00e9-collet\u00a0\u00bb renvoie \u00e0 l&rsquo;action de lib\u00e9rer le collet de sa gangue, permettant ainsi son utilisation dans la fabrication horlog\u00e8re.<\/p>\n<p>Ce geste, ex\u00e9cut\u00e9 par des mains expertes sur des tours sp\u00e9cialement adapt\u00e9s, \u00e9tait essentiel pour garantir la pr\u00e9cision et la qualit\u00e9 des montres qui en r\u00e9sultaient.<\/p>\n<p>[\/et_pb_text][\/et_pb_column][et_pb_column type=\u00a0\u00bb1_2&Prime; _builder_version=\u00a0\u00bb4.21.0&Prime; _module_preset=\u00a0\u00bbdefault\u00a0\u00bb global_colors_info=\u00a0\u00bb{}\u00a0\u00bb][et_pb_text _builder_version=\u00a0\u00bb4.24.2&Prime; _module_preset=\u00a0\u00bbdefault\u00a0\u00bb header_font=\u00a0\u00bbInter|700|||||||\u00a0\u00bb header_2_font=\u00a0\u00bb||||||||\u00a0\u00bb header_2_font_size=\u00a0\u00bb19px\u00a0\u00bb custom_margin=\u00a0\u00bb||2px|||\u00a0\u00bb global_colors_info=\u00a0\u00bb{}\u00a0\u00bb]<\/p>\n<h2>\u00c9volution et Modernit\u00e9<\/h2>\n<p>[\/et_pb_text][et_pb_text _builder_version=\u00a0\u00bb4.24.2&Prime; _module_preset=\u00a0\u00bbdefault\u00a0\u00bb global_colors_info=\u00a0\u00bb{}\u00a0\u00bb]<\/p>\n<p>Au fil des d\u00e9cennies, l&rsquo;industrie horlog\u00e8re a \u00e9volu\u00e9, adoptant de nouvelles technologies et m\u00e9thodes de production.<\/p>\n<p>Cependant, le d\u00e9colletage demeure un pilier fondamental de cette industrie, m\u00eame dans un contexte moderne.<\/p>\n<p>Les machines sophistiqu\u00e9es ont remplac\u00e9 en partie le travail manuel, mais l&rsquo;esprit de pr\u00e9cision et d&rsquo;excellence demeure inchang\u00e9.<\/p>\n<p>[\/et_pb_text][\/et_pb_column][\/et_pb_row][et_pb_row _builder_version=\u00a0\u00bb4.21.0&Prime; _module_preset=\u00a0\u00bbdefault\u00a0\u00bb custom_padding=\u00a0\u00bb0px||1px|||\u00a0\u00bb global_colors_info=\u00a0\u00bb{}\u00a0\u00bb][et_pb_column type=\u00a0\u00bb4_4&Prime; _builder_version=\u00a0\u00bb4.21.0&Prime; _module_preset=\u00a0\u00bbdefault\u00a0\u00bb global_colors_info=\u00a0\u00bb{}\u00a0\u00bb][et_pb_text _builder_version=\u00a0\u00bb4.24.2&Prime; _module_preset=\u00a0\u00bbdefault\u00a0\u00bb header_font=\u00a0\u00bbInter|700|||||||\u00a0\u00bb header_2_font=\u00a0\u00bb||||||||\u00a0\u00bb header_2_font_size=\u00a0\u00bb19px\u00a0\u00bb custom_margin=\u00a0\u00bb||2px|||\u00a0\u00bb global_colors_info=\u00a0\u00bb{}\u00a0\u00bb]<\/p>\n<h2>Le D\u00e9colletage Aujourd&rsquo;hui<\/h2>\n<p>[\/et_pb_text][et_pb_text _builder_version=\u00a0\u00bb4.24.2&Prime; _module_preset=\u00a0\u00bbdefault\u00a0\u00bb custom_margin=\u00a0\u00bb||19px|||\u00a0\u00bb global_colors_info=\u00a0\u00bb{}\u00a0\u00bb]<\/p>\n<p>Aujourd&rsquo;hui, le d\u00e9colletage est bien plus qu&rsquo;une simple op\u00e9ration m\u00e9canique.<\/p>\n<p>C&rsquo;est devenu un art \u00e0 part enti\u00e8re, alliant savoir-faire traditionnel et innovation technologique.<\/p>\n<p>Les entreprises sp\u00e9cialis\u00e9es dans le d\u00e9colletage sont au c\u0153ur de nombreuses industries, fournissant des pi\u00e8ces de pr\u00e9cision essentielles \u00e0 une multitude d&rsquo;applications, allant de l&rsquo;a\u00e9rospatiale \u00e0 l&rsquo;automobile, en passant par l&rsquo;\u00e9lectronique.<\/p>\n<p>[\/et_pb_text][et_pb_text _builder_version=\u00a0\u00bb4.23.1&Prime; _module_preset=\u00a0\u00bbdefault\u00a0\u00bb header_font=\u00a0\u00bbInter|700|||||||\u00a0\u00bb header_2_font=\u00a0\u00bb||||||||\u00a0\u00bb header_2_font_size=\u00a0\u00bb19px\u00a0\u00bb custom_margin=\u00a0\u00bb-9px||2px|||\u00a0\u00bb global_colors_info=\u00a0\u00bb{}\u00a0\u00bb]<\/p>\n<h2>Conclusion<\/h2>\n<p>[\/et_pb_text][et_pb_text _builder_version=\u00a0\u00bb4.24.2&Prime; _module_preset=\u00a0\u00bbdefault\u00a0\u00bb global_colors_info=\u00a0\u00bb{}\u00a0\u00bb]<\/p>\n<p>Au-del\u00e0 de sa simple signification technique, le d\u00e9colletage incarne l&rsquo;excellence et le savoir-faire artisanal qui ont fait la renomm\u00e9e de l&rsquo;industrie horlog\u00e8re.<\/p>\n<p>C&rsquo;est un t\u00e9moignage vivant de la capacit\u00e9 de l&rsquo;homme \u00e0 transformer des mat\u00e9riaux bruts en \u0153uvres d&rsquo;art fonctionnelles.<\/p>\n<p>Chaque pi\u00e8ce d\u00e9collet\u00e9e est le fruit d&rsquo;une longue tradition de perfectionnement et d&rsquo;innovation.<\/p>\n<p>[\/et_pb_text][\/et_pb_column][\/et_pb_row][\/et_pb_section]<\/p>\n","protected":false},"excerpt":{"rendered":"<p>D&rsquo;o\u00f9 vient le nom d\u00e9colletage ?IntroductionLe nom de d\u00e9colletage provient de l\u2019op\u00e9ration de d\u00e9gagement du collet de vis dans l\u2019industrie horlog\u00e8re.Dans le vaste monde de l&rsquo;industrie horlog\u00e8re, il existe un terme qui r\u00e9sonne comme une harmonie entre tradition et innovation : le d\u00e9colletage. Ce mot, aux consonances myst\u00e9rieuses, trouve son origine dans une op\u00e9ration pr\u00e9cise [&hellip;]<\/p>\n","protected":false},"author":1,"featured_media":770,"comment_status":"closed","ping_status":"closed","sticky":false,"template":"","format":"standard","meta":{"_et_pb_use_builder":"on","_et_pb_old_content":"","_et_gb_content_width":"1080","footnotes":""},"categories":[28],"tags":[],"class_list":["post-764","post","type-post","status-publish","format-standard","has-post-thumbnail","hentry","category-28"],"_links":{"self":[{"href":"https:\/\/schurchnews.e-lapse.ch\/index.php?rest_route=\/wp\/v2\/posts\/764","targetHints":{"allow":["GET"]}}],"collection":[{"href":"https:\/\/schurchnews.e-lapse.ch\/index.php?rest_route=\/wp\/v2\/posts"}],"about":[{"href":"https:\/\/schurchnews.e-lapse.ch\/index.php?rest_route=\/wp\/v2\/types\/post"}],"author":[{"embeddable":true,"href":"https:\/\/schurchnews.e-lapse.ch\/index.php?rest_route=\/wp\/v2\/users\/1"}],"replies":[{"embeddable":true,"href":"https:\/\/schurchnews.e-lapse.ch\/index.php?rest_route=%2Fwp%2Fv2%2Fcomments&post=764"}],"version-history":[{"count":10,"href":"https:\/\/schurchnews.e-lapse.ch\/index.php?rest_route=\/wp\/v2\/posts\/764\/revisions"}],"predecessor-version":[{"id":779,"href":"https:\/\/schurchnews.e-lapse.ch\/index.php?rest_route=\/wp\/v2\/posts\/764\/revisions\/779"}],"wp:featuredmedia":[{"embeddable":true,"href":"https:\/\/schurchnews.e-lapse.ch\/index.php?rest_route=\/wp\/v2\/media\/770"}],"wp:attachment":[{"href":"https:\/\/schurchnews.e-lapse.ch\/index.php?rest_route=%2Fwp%2Fv2%2Fmedia&parent=764"}],"wp:term":[{"taxonomy":"category","embeddable":true,"href":"https:\/\/schurchnews.e-lapse.ch\/index.php?rest_route=%2Fwp%2Fv2%2Fcategories&post=764"},{"taxonomy":"post_tag","embeddable":true,"href":"https:\/\/schurchnews.e-lapse.ch\/index.php?rest_route=%2Fwp%2Fv2%2Ftags&post=764"}],"curies":[{"name":"wp","href":"https:\/\/api.w.org\/{rel}","templated":true}]}}