{"id":727,"date":"2023-09-27T10:28:11","date_gmt":"2023-09-27T08:28:11","guid":{"rendered":"https:\/\/schurchnews.e-lapse.ch\/?p=727"},"modified":"2023-09-28T11:16:58","modified_gmt":"2023-09-28T09:16:58","slug":"la-sympathie-des-pendules","status":"publish","type":"post","link":"https:\/\/schurchnews.e-lapse.ch\/?p=727","title":{"rendered":"La sympathie des pendules"},"content":{"rendered":"\n[et_pb_section fb_built=\u00a0\u00bb1&Prime; _builder_version=\u00a0\u00bb4.21.0&Prime; _module_preset=\u00a0\u00bbdefault\u00a0\u00bb custom_padding=\u00a0\u00bb0px||0px|||\u00a0\u00bb global_colors_info=\u00a0\u00bb{}\u00a0\u00bb][et_pb_row _builder_version=\u00a0\u00bb4.21.0&Prime; _module_preset=\u00a0\u00bbdefault\u00a0\u00bb custom_padding=\u00a0\u00bb0px||0px|||\u00a0\u00bb global_colors_info=\u00a0\u00bb{}\u00a0\u00bb][et_pb_column type=\u00a0\u00bb4_4&Prime; _builder_version=\u00a0\u00bb4.21.0&Prime; _module_preset=\u00a0\u00bbdefault\u00a0\u00bb global_colors_info=\u00a0\u00bb{}\u00a0\u00bb][et_pb_text _builder_version=\u00a0\u00bb4.22.2&Prime; _module_preset=\u00a0\u00bbdefault\u00a0\u00bb header_font=\u00a0\u00bb|700||on|||||\u00a0\u00bb custom_margin=\u00a0\u00bb||0px||false|false\u00a0\u00bb custom_padding=\u00a0\u00bb||0px|||\u00a0\u00bb hover_enabled=\u00a0\u00bb0&Prime; header_font_size_tablet=\u00a0\u00bb25px\u00a0\u00bb header_font_size_phone=\u00a0\u00bb19px\u00a0\u00bb header_font_size_last_edited=\u00a0\u00bbon|phone\u00a0\u00bb global_colors_info=\u00a0\u00bb{}\u00a0\u00bb sticky_enabled=\u00a0\u00bb0&Prime;]<h1>La sympathie des pendules<\/h1>[\/et_pb_text][\/et_pb_column][\/et_pb_row][et_pb_row column_structure=\u00a0\u00bb1_2,1_2&Prime; use_custom_gutter=\u00a0\u00bbon\u00a0\u00bb _builder_version=\u00a0\u00bb4.21.0&Prime; _module_preset=\u00a0\u00bbdefault\u00a0\u00bb custom_padding=\u00a0\u00bb0px||0px|||\u00a0\u00bb global_colors_info=\u00a0\u00bb{}\u00a0\u00bb][et_pb_column type=\u00a0\u00bb1_2&Prime; module_class=\u00a0\u00bbcol-art-left\u00a0\u00bb _builder_version=\u00a0\u00bb4.21.0&Prime; _module_preset=\u00a0\u00bbdefault\u00a0\u00bb custom_padding=\u00a0\u00bb||||false|false\u00a0\u00bb global_colors_info=\u00a0\u00bb{}\u00a0\u00bb][et_pb_video src=\u00a0\u00bbhttps:\/\/schurchnews.e-lapse.ch\/wp-content\/uploads\/2023\/09\/Lasympathiedespendules.mp4&Prime; image_src=\u00a0\u00bbhttps:\/\/schurchnews.e-lapse.ch\/wp-content\/uploads\/2023\/09\/man-holding-an-alarm-clocks-at-outdoor-2022-01-11-03-52-06-utc.jpg\u00a0\u00bb play_icon_color=\u00a0\u00bb#FFFFFF\u00a0\u00bb _builder_version=\u00a0\u00bb4.22.2&Prime; _module_preset=\u00a0\u00bbdefault\u00a0\u00bb hover_enabled=\u00a0\u00bb0&Prime; global_colors_info=\u00a0\u00bb{}\u00a0\u00bb title_text=\u00a0\u00bbMan holding an alarm clocks at outdoor.\u00a0\u00bb sticky_enabled=\u00a0\u00bb0&Prime;][\/et_pb_video][\/et_pb_column][et_pb_column type=\u00a0\u00bb1_2&Prime; module_class=\u00a0\u00bbcol-art-right\u00a0\u00bb _builder_version=\u00a0\u00bb4.21.0&Prime; _module_preset=\u00a0\u00bbdefault\u00a0\u00bb custom_padding=\u00a0\u00bb|||20px|false|false\u00a0\u00bb global_colors_info=\u00a0\u00bb{}\u00a0\u00bb][et_pb_text _builder_version=\u00a0\u00bb4.21.0&Prime; _module_preset=\u00a0\u00bbdefault\u00a0\u00bb header_font=\u00a0\u00bbInter|700|||||||\u00a0\u00bb header_2_font=\u00a0\u00bb||||||||\u00a0\u00bb header_2_font_size=\u00a0\u00bb19px\u00a0\u00bb custom_margin=\u00a0\u00bb||2px|||\u00a0\u00bb global_colors_info=\u00a0\u00bb{}\u00a0\u00bb]<h2>Introduction<\/h2>[\/et_pb_text][et_pb_text _builder_version=\u00a0\u00bb4.22.2&Prime; _module_preset=\u00a0\u00bbdefault\u00a0\u00bb custom_margin=\u00a0\u00bb||||false|false\u00a0\u00bb hover_enabled=\u00a0\u00bb0&Prime; global_colors_info=\u00a0\u00bb{}\u00a0\u00bb sticky_enabled=\u00a0\u00bb0&Prime;]<p>La sympathie des pendules, une notion fascinante qui a \u00e9t\u00e9 d\u00e9couverte pour la premi\u00e8re fois au XVIIe si\u00e8cle par le Hollandais Christiaan Huygens, incarne l&rsquo;une des merveilles m\u00e9connues de l&rsquo;histoire de la physique.<\/p>\n<p>Cette d\u00e9couverte a r\u00e9volutionn\u00e9 notre compr\u00e9hension du temps, de la synchronisation et de la mani\u00e8re dont les objets interagissent les uns avec les autres.<\/p>[\/et_pb_text][et_pb_text disabled_on=\u00a0\u00bbon|off|off\u00a0\u00bb _builder_version=\u00a0\u00bb4.22.2&Prime; _module_preset=\u00a0\u00bbdefault\u00a0\u00bb custom_margin=\u00a0\u00bb||||false|false\u00a0\u00bb hover_enabled=\u00a0\u00bb0&Prime; global_colors_info=\u00a0\u00bb{}\u00a0\u00bb sticky_enabled=\u00a0\u00bb0&Prime;]<p>Dans cet article, nous allons explorer l&rsquo;histoire de cette d\u00e9couverte et son impact sur la science et la soci\u00e9t\u00e9 de l&rsquo;\u00e9poque.<\/p>[\/et_pb_text][\/et_pb_column][\/et_pb_row][et_pb_row _builder_version=\u00a0\u00bb4.21.0&Prime; _module_preset=\u00a0\u00bbdefault\u00a0\u00bb custom_margin=\u00a0\u00bb30px||||false|false\u00a0\u00bb custom_padding=\u00a0\u00bb0px|||||\u00a0\u00bb global_colors_info=\u00a0\u00bb{}\u00a0\u00bb][et_pb_column type=\u00a0\u00bb4_4&Prime; _builder_version=\u00a0\u00bb4.21.0&Prime; _module_preset=\u00a0\u00bbdefault\u00a0\u00bb global_colors_info=\u00a0\u00bb{}\u00a0\u00bb][et_pb_text disabled_on=\u00a0\u00bboff|on|on\u00a0\u00bb _builder_version=\u00a0\u00bb4.22.2&Prime; _module_preset=\u00a0\u00bbdefault\u00a0\u00bb custom_margin=\u00a0\u00bb||||false|false\u00a0\u00bb hover_enabled=\u00a0\u00bb0&Prime; global_colors_info=\u00a0\u00bb{}\u00a0\u00bb sticky_enabled=\u00a0\u00bb0&Prime;]<p>Dans cet article, nous allons explorer l&rsquo;histoire de cette d\u00e9couverte et son impact sur la science et la soci\u00e9t\u00e9 de l&rsquo;\u00e9poque.<\/p>[\/et_pb_text][et_pb_text _builder_version=\u00a0\u00bb4.22.2&Prime; _module_preset=\u00a0\u00bbdefault\u00a0\u00bb header_font=\u00a0\u00bbInter|700|||||||\u00a0\u00bb header_2_font=\u00a0\u00bb||||||||\u00a0\u00bb header_2_font_size=\u00a0\u00bb19px\u00a0\u00bb custom_margin=\u00a0\u00bb||2px|||\u00a0\u00bb hover_enabled=\u00a0\u00bb0&Prime; locked=\u00a0\u00bboff\u00a0\u00bb global_colors_info=\u00a0\u00bb{}\u00a0\u00bb sticky_enabled=\u00a0\u00bb0&Prime;]<h2>Le contexte de la d\u00e9couverte<\/h2>[\/et_pb_text][et_pb_text _builder_version=\u00a0\u00bb4.22.2&Prime; _module_preset=\u00a0\u00bbdefault\u00a0\u00bb hover_enabled=\u00a0\u00bb0&Prime; locked=\u00a0\u00bboff\u00a0\u00bb global_colors_info=\u00a0\u00bb{}\u00a0\u00bb sticky_enabled=\u00a0\u00bb0&Prime;]<p>Au XVIIe si\u00e8cle, l&rsquo;horlogerie \u00e9tait en plein essor en Europe, avec de nombreux horlogers cherchant \u00e0 perfectionner les pendules pour mesurer le temps avec pr\u00e9cision.<\/p>\n<p>Christiaan Huygens, lui-m\u00eame un passionn\u00e9 d&rsquo;horlogerie, se pencha sur cette qu\u00eate.<\/p>\n<p>Cependant, il fut t\u00e9moin d&rsquo;un ph\u00e9nom\u00e8ne \u00e9tonnant : lorsqu&rsquo;il pla\u00e7ait deux pendules proches l&rsquo;une de l&rsquo;autre, elles semblaient s&rsquo;entra\u00eener mutuellement et oscillaient en parfaite synchronisation.<\/p>[\/et_pb_text][\/et_pb_column][\/et_pb_row][et_pb_row column_structure=\u00a0\u00bb1_2,1_2&Prime; use_custom_gutter=\u00a0\u00bbon\u00a0\u00bb _builder_version=\u00a0\u00bb4.21.0&Prime; _module_preset=\u00a0\u00bbdefault\u00a0\u00bb custom_padding=\u00a0\u00bb0px||0px|||\u00a0\u00bb global_colors_info=\u00a0\u00bb{}\u00a0\u00bb][et_pb_column type=\u00a0\u00bb1_2&Prime; _builder_version=\u00a0\u00bb4.21.0&Prime; _module_preset=\u00a0\u00bbdefault\u00a0\u00bb global_colors_info=\u00a0\u00bb{}\u00a0\u00bb][et_pb_text _builder_version=\u00a0\u00bb4.22.2&Prime; _module_preset=\u00a0\u00bbdefault\u00a0\u00bb header_font=\u00a0\u00bbInter|700|||||||\u00a0\u00bb header_2_font=\u00a0\u00bb||||||||\u00a0\u00bb header_2_font_size=\u00a0\u00bb19px\u00a0\u00bb custom_margin=\u00a0\u00bb||2px|||\u00a0\u00bb hover_enabled=\u00a0\u00bb0&Prime; global_colors_info=\u00a0\u00bb{}\u00a0\u00bb sticky_enabled=\u00a0\u00bb0&Prime;]<h2>La d\u00e9couverte de la sympathie des pendules<\/h2>[\/et_pb_text][et_pb_text _builder_version=\u00a0\u00bb4.22.2&Prime; _module_preset=\u00a0\u00bbdefault\u00a0\u00bb custom_margin=\u00a0\u00bb||7px|||\u00a0\u00bb hover_enabled=\u00a0\u00bb0&Prime; global_colors_info=\u00a0\u00bb{}\u00a0\u00bb sticky_enabled=\u00a0\u00bb0&Prime;]<p>Huygens comprit que ce ph\u00e9nom\u00e8ne ne pouvait pas \u00eatre expliqu\u00e9 par les lois de la physique de l&rsquo;\u00e9poque.<\/p>\n<p>Apr\u00e8s de nombreuses exp\u00e9riences et observations, il r\u00e9alisa que les oscillations synchronis\u00e9es des pendules \u00e9taient le r\u00e9sultat de petites vibrations invisibles dans l&rsquo;air qui se propageaient entre elles.<\/p>\n<p>Cette d\u00e9couverte fut un moment d\u00e9cisif dans l&rsquo;histoire de la physique et de l&rsquo;horlogerie, menant \u00e0 de nouvelles avanc\u00e9es technologiques.<\/p>[\/et_pb_text][\/et_pb_column][et_pb_column type=\u00a0\u00bb1_2&Prime; _builder_version=\u00a0\u00bb4.21.0&Prime; _module_preset=\u00a0\u00bbdefault\u00a0\u00bb global_colors_info=\u00a0\u00bb{}\u00a0\u00bb][et_pb_text _builder_version=\u00a0\u00bb4.22.2&Prime; _module_preset=\u00a0\u00bbdefault\u00a0\u00bb header_font=\u00a0\u00bbInter|700|||||||\u00a0\u00bb header_2_font=\u00a0\u00bb||||||||\u00a0\u00bb header_2_font_size=\u00a0\u00bb19px\u00a0\u00bb custom_margin=\u00a0\u00bb||2px|||\u00a0\u00bb hover_enabled=\u00a0\u00bb0&Prime; global_colors_info=\u00a0\u00bb{}\u00a0\u00bb sticky_enabled=\u00a0\u00bb0&Prime;]<h2>Impact sur la science et la soci\u00e9t\u00e9<\/h2>[\/et_pb_text][et_pb_text _builder_version=\u00a0\u00bb4.22.2&Prime; _module_preset=\u00a0\u00bbdefault\u00a0\u00bb hover_enabled=\u00a0\u00bb0&Prime; global_colors_info=\u00a0\u00bb{}\u00a0\u00bb sticky_enabled=\u00a0\u00bb0&Prime;]<p>La sympathie des pendules a eu un impact profond sur la science en g\u00e9n\u00e9ral. Elle a encourag\u00e9 une approche plus rigoureuse de l&rsquo;observation et de la mesure, et elle a contribu\u00e9 \u00e0 l&rsquo;\u00e9laboration de th\u00e9ories sur les ondes et la propagation des vibrations.<\/p>\n<p>De plus, elle a renforc\u00e9 l&rsquo;importance des pendules comme outils de mesure du temps, influen\u00e7ant ainsi la navigation maritime, l&rsquo;astronomie et de nombreuses autres disciplines.<\/p>[\/et_pb_text][\/et_pb_column][\/et_pb_row][et_pb_row _builder_version=\u00a0\u00bb4.21.0&Prime; _module_preset=\u00a0\u00bbdefault\u00a0\u00bb custom_padding=\u00a0\u00bb0px||1px|||\u00a0\u00bb global_colors_info=\u00a0\u00bb{}\u00a0\u00bb][et_pb_column type=\u00a0\u00bb4_4&Prime; _builder_version=\u00a0\u00bb4.21.0&Prime; _module_preset=\u00a0\u00bbdefault\u00a0\u00bb global_colors_info=\u00a0\u00bb{}\u00a0\u00bb][et_pb_text _builder_version=\u00a0\u00bb4.22.2&Prime; _module_preset=\u00a0\u00bbdefault\u00a0\u00bb header_font=\u00a0\u00bbInter|700|||||||\u00a0\u00bb header_2_font=\u00a0\u00bb||||||||\u00a0\u00bb header_2_font_size=\u00a0\u00bb19px\u00a0\u00bb custom_margin=\u00a0\u00bb||2px|||\u00a0\u00bb hover_enabled=\u00a0\u00bb0&Prime; global_colors_info=\u00a0\u00bb{}\u00a0\u00bb sticky_enabled=\u00a0\u00bb0&Prime;]<h2>H\u00e9ritage et conclusion<\/h2>[\/et_pb_text][et_pb_text _builder_version=\u00a0\u00bb4.22.2&Prime; _module_preset=\u00a0\u00bbdefault\u00a0\u00bb hover_enabled=\u00a0\u00bb0&Prime; global_colors_info=\u00a0\u00bb{}\u00a0\u00bb sticky_enabled=\u00a0\u00bb0&Prime;]<p>L&rsquo;h\u00e9ritage de la sympathie des pendules est ind\u00e9niable. Cette d\u00e9couverte a ouvert la voie \u00e0 des avanc\u00e9es technologiques majeures dans le domaine de l&rsquo;horlogerie, de la physique et de la science en g\u00e9n\u00e9ral.<\/p>\n<p>Elle a \u00e9galement illustr\u00e9 comment l&rsquo;observation minutieuse peut conduire \u00e0 des perc\u00e9es scientifiques majeures.<\/p>\n<p>Ainsi, la sympathie des pendules reste une histoire captivante de curiosit\u00e9, d&rsquo;observation et de d\u00e9couverte qui continue d&rsquo;inspirer les chercheurs et les passionn\u00e9s de science \u00e0 travers les \u00e2ges.<\/p>[\/et_pb_text][\/et_pb_column][\/et_pb_row][\/et_pb_section]\n","protected":false},"excerpt":{"rendered":"<p>La sympathie des pendulesIntroductionLa sympathie des pendules, une notion fascinante qui a \u00e9t\u00e9 d\u00e9couverte pour la premi\u00e8re fois au XVIIe si\u00e8cle par le Hollandais Christiaan Huygens, incarne l&rsquo;une des merveilles m\u00e9connues de l&rsquo;histoire de la physique. Cette d\u00e9couverte a r\u00e9volutionn\u00e9 notre compr\u00e9hension du temps, de la synchronisation et de la mani\u00e8re dont les objets interagissent [&hellip;]<\/p>\n","protected":false},"author":1,"featured_media":731,"comment_status":"closed","ping_status":"closed","sticky":false,"template":"","format":"standard","meta":{"_et_pb_use_builder":"on","_et_pb_old_content":"","_et_gb_content_width":"1080","footnotes":""},"categories":[28],"tags":[],"class_list":["post-727","post","type-post","status-publish","format-standard","has-post-thumbnail","hentry","category-28"],"_links":{"self":[{"href":"https:\/\/schurchnews.e-lapse.ch\/index.php?rest_route=\/wp\/v2\/posts\/727","targetHints":{"allow":["GET"]}}],"collection":[{"href":"https:\/\/schurchnews.e-lapse.ch\/index.php?rest_route=\/wp\/v2\/posts"}],"about":[{"href":"https:\/\/schurchnews.e-lapse.ch\/index.php?rest_route=\/wp\/v2\/types\/post"}],"author":[{"embeddable":true,"href":"https:\/\/schurchnews.e-lapse.ch\/index.php?rest_route=\/wp\/v2\/users\/1"}],"replies":[{"embeddable":true,"href":"https:\/\/schurchnews.e-lapse.ch\/index.php?rest_route=%2Fwp%2Fv2%2Fcomments&post=727"}],"version-history":[{"count":4,"href":"https:\/\/schurchnews.e-lapse.ch\/index.php?rest_route=\/wp\/v2\/posts\/727\/revisions"}],"predecessor-version":[{"id":735,"href":"https:\/\/schurchnews.e-lapse.ch\/index.php?rest_route=\/wp\/v2\/posts\/727\/revisions\/735"}],"wp:featuredmedia":[{"embeddable":true,"href":"https:\/\/schurchnews.e-lapse.ch\/index.php?rest_route=\/wp\/v2\/media\/731"}],"wp:attachment":[{"href":"https:\/\/schurchnews.e-lapse.ch\/index.php?rest_route=%2Fwp%2Fv2%2Fmedia&parent=727"}],"wp:term":[{"taxonomy":"category","embeddable":true,"href":"https:\/\/schurchnews.e-lapse.ch\/index.php?rest_route=%2Fwp%2Fv2%2Fcategories&post=727"},{"taxonomy":"post_tag","embeddable":true,"href":"https:\/\/schurchnews.e-lapse.ch\/index.php?rest_route=%2Fwp%2Fv2%2Ftags&post=727"}],"curies":[{"name":"wp","href":"https:\/\/api.w.org\/{rel}","templated":true}]}}