{"id":703,"date":"2023-08-25T11:25:31","date_gmt":"2023-08-25T09:25:31","guid":{"rendered":"https:\/\/schurchnews.e-lapse.ch\/?p=703"},"modified":"2023-08-25T11:32:57","modified_gmt":"2023-08-25T09:32:57","slug":"la-microtechnique-suisse","status":"publish","type":"post","link":"https:\/\/schurchnews.e-lapse.ch\/?p=703","title":{"rendered":"La microtechnique suisse"},"content":{"rendered":"<p>[et_pb_section fb_built=\u00a0\u00bb1&Prime; _builder_version=\u00a0\u00bb4.21.0&Prime; _module_preset=\u00a0\u00bbdefault\u00a0\u00bb custom_padding=\u00a0\u00bb0px||0px|||\u00a0\u00bb global_colors_info=\u00a0\u00bb{}\u00a0\u00bb][et_pb_row _builder_version=\u00a0\u00bb4.21.0&Prime; _module_preset=\u00a0\u00bbdefault\u00a0\u00bb custom_padding=\u00a0\u00bb0px||0px|||\u00a0\u00bb global_colors_info=\u00a0\u00bb{}\u00a0\u00bb][et_pb_column type=\u00a0\u00bb4_4&Prime; _builder_version=\u00a0\u00bb4.21.0&Prime; _module_preset=\u00a0\u00bbdefault\u00a0\u00bb global_colors_info=\u00a0\u00bb{}\u00a0\u00bb][et_pb_text _builder_version=\u00a0\u00bb4.22.1&Prime; _module_preset=\u00a0\u00bbdefault\u00a0\u00bb header_font=\u00a0\u00bb|700||on|||||\u00a0\u00bb custom_margin=\u00a0\u00bb||0px||false|false\u00a0\u00bb custom_padding=\u00a0\u00bb||0px|||\u00a0\u00bb header_font_size_tablet=\u00a0\u00bb25px\u00a0\u00bb header_font_size_phone=\u00a0\u00bb19px\u00a0\u00bb header_font_size_last_edited=\u00a0\u00bbon|phone\u00a0\u00bb global_colors_info=\u00a0\u00bb{}\u00a0\u00bb]<\/p>\n<h1>La microtechnique suisse<\/h1>\n<p>[\/et_pb_text][\/et_pb_column][\/et_pb_row][et_pb_row column_structure=\u00a0\u00bb1_2,1_2&Prime; use_custom_gutter=\u00a0\u00bbon\u00a0\u00bb _builder_version=\u00a0\u00bb4.21.0&Prime; _module_preset=\u00a0\u00bbdefault\u00a0\u00bb custom_padding=\u00a0\u00bb0px||0px|||\u00a0\u00bb global_colors_info=\u00a0\u00bb{}\u00a0\u00bb][et_pb_column type=\u00a0\u00bb1_2&Prime; module_class=\u00a0\u00bbcol-art-left\u00a0\u00bb _builder_version=\u00a0\u00bb4.21.0&Prime; _module_preset=\u00a0\u00bbdefault\u00a0\u00bb custom_padding=\u00a0\u00bb||||false|false\u00a0\u00bb global_colors_info=\u00a0\u00bb{}\u00a0\u00bb][et_pb_video src=\u00a0\u00bbhttps:\/\/schurchnews.e-lapse.ch\/wp-content\/uploads\/2023\/08\/08_LaMicroMechaniqueSuisse-1.mp4&Prime; image_src=\u00a0\u00bbhttps:\/\/schurchnews.e-lapse.ch\/wp-content\/uploads\/2023\/08\/robot-wom-2-scaled.jpg\u00a0\u00bb play_icon_color=\u00a0\u00bb#FFFFFF\u00a0\u00bb _builder_version=\u00a0\u00bb4.22.1&Prime; _module_preset=\u00a0\u00bbdefault\u00a0\u00bb hover_enabled=\u00a0\u00bb0&Prime; global_colors_info=\u00a0\u00bb{}\u00a0\u00bb title_text=\u00a0\u00bbbeautiful woman human robot artificial intelligence\u00a0\u00bb sticky_enabled=\u00a0\u00bb0&Prime;][\/et_pb_video][\/et_pb_column][et_pb_column type=\u00a0\u00bb1_2&Prime; module_class=\u00a0\u00bbcol-art-right\u00a0\u00bb _builder_version=\u00a0\u00bb4.21.0&Prime; _module_preset=\u00a0\u00bbdefault\u00a0\u00bb custom_padding=\u00a0\u00bb|||20px|false|false\u00a0\u00bb global_colors_info=\u00a0\u00bb{}\u00a0\u00bb][et_pb_text _builder_version=\u00a0\u00bb4.21.0&Prime; _module_preset=\u00a0\u00bbdefault\u00a0\u00bb header_font=\u00a0\u00bbInter|700|||||||\u00a0\u00bb header_2_font=\u00a0\u00bb||||||||\u00a0\u00bb header_2_font_size=\u00a0\u00bb19px\u00a0\u00bb custom_margin=\u00a0\u00bb||2px|||\u00a0\u00bb global_colors_info=\u00a0\u00bb{}\u00a0\u00bb]<\/p>\n<h2>Introduction<\/h2>\n<p>[\/et_pb_text][et_pb_text _builder_version=\u00a0\u00bb4.22.1&Prime; _module_preset=\u00a0\u00bbdefault\u00a0\u00bb custom_margin=\u00a0\u00bb||||false|false\u00a0\u00bb global_colors_info=\u00a0\u00bb{}\u00a0\u00bb]<\/p>\n<p>La microtechnique suisse, \u00e9galement connue sous le nom de microm\u00e9canique, est un secteur industriel qui se concentre sur la fabrication de composants miniaturis\u00e9s, de dispositifs \u00e9lectroniques et de syst\u00e8mes m\u00e9caniques \u00e0 petite \u00e9chelle.<\/p>\n<p>La Suisse est depuis longtemps un acteur cl\u00e9 dans ce domaine, gr\u00e2ce \u00e0 son expertise en ing\u00e9nierie de pr\u00e9cision, \u00e0 la qualit\u00e9 de sa main-d&rsquo;\u0153uvre et \u00e0 son infrastructure de recherche et de d\u00e9veloppement.<\/p>\n<p>[\/et_pb_text][et_pb_text disabled_on=\u00a0\u00bbon|off|off\u00a0\u00bb _builder_version=\u00a0\u00bb4.22.1&Prime; _module_preset=\u00a0\u00bbdefault\u00a0\u00bb custom_margin=\u00a0\u00bb||||false|false\u00a0\u00bb global_colors_info=\u00a0\u00bb{}\u00a0\u00bb]<\/p>\n<p>Cependant, ce secteur est confront\u00e9 \u00e0 plusieurs d\u00e9fis, notamment la concurrence internationale et les exigences du march\u00e9.<\/p>\n<p>[\/et_pb_text][\/et_pb_column][\/et_pb_row][et_pb_row _builder_version=\u00a0\u00bb4.21.0&Prime; _module_preset=\u00a0\u00bbdefault\u00a0\u00bb custom_margin=\u00a0\u00bb30px||||false|false\u00a0\u00bb custom_padding=\u00a0\u00bb0px|||||\u00a0\u00bb global_colors_info=\u00a0\u00bb{}\u00a0\u00bb][et_pb_column type=\u00a0\u00bb4_4&Prime; _builder_version=\u00a0\u00bb4.21.0&Prime; _module_preset=\u00a0\u00bbdefault\u00a0\u00bb global_colors_info=\u00a0\u00bb{}\u00a0\u00bb][et_pb_text disabled_on=\u00a0\u00bboff|on|on\u00a0\u00bb _builder_version=\u00a0\u00bb4.22.1&Prime; _module_preset=\u00a0\u00bbdefault\u00a0\u00bb custom_margin=\u00a0\u00bb||||false|false\u00a0\u00bb global_colors_info=\u00a0\u00bb{}\u00a0\u00bb]<\/p>\n<p>Cependant, ce secteur est confront\u00e9 \u00e0 plusieurs d\u00e9fis, notamment la concurrence internationale et les exigences du march\u00e9.<\/p>\n<p>[\/et_pb_text][et_pb_text _builder_version=\u00a0\u00bb4.22.1&Prime; _module_preset=\u00a0\u00bbdefault\u00a0\u00bb header_font=\u00a0\u00bbInter|700|||||||\u00a0\u00bb header_2_font=\u00a0\u00bb||||||||\u00a0\u00bb header_2_font_size=\u00a0\u00bb19px\u00a0\u00bb custom_margin=\u00a0\u00bb||2px|||\u00a0\u00bb locked=\u00a0\u00bboff\u00a0\u00bb global_colors_info=\u00a0\u00bb{}\u00a0\u00bb]<\/p>\n<h2>Concurrence internationale<\/h2>\n<p>[\/et_pb_text][et_pb_text _builder_version=\u00a0\u00bb4.22.1&Prime; _module_preset=\u00a0\u00bbdefault\u00a0\u00bb locked=\u00a0\u00bboff\u00a0\u00bb global_colors_info=\u00a0\u00bb{}\u00a0\u00bb]<\/p>\n<p>La microtechnique suisse doit faire face \u00e0 une concurrence croissante de la part d&rsquo;autres pays qui investissent \u00e9galement dans le d\u00e9veloppement de leurs industries microtechnologiques.<\/p>\n<p>Des pays comme la Chine, la Cor\u00e9e du Sud, le Japon et certains pays europ\u00e9ens ont \u00e9galement d\u00e9velopp\u00e9 des comp\u00e9tences et des capacit\u00e9s dans le domaine de la microtechnique.<\/p>\n<p>Cette concurrence peut affecter la part de march\u00e9 de la Suisse et exercer une pression sur les entreprises suisses pour innover et maintenir leur avantage concurrentiel.<\/p>\n<p>[\/et_pb_text][\/et_pb_column][\/et_pb_row][et_pb_row column_structure=\u00a0\u00bb1_2,1_2&Prime; use_custom_gutter=\u00a0\u00bbon\u00a0\u00bb _builder_version=\u00a0\u00bb4.21.0&Prime; _module_preset=\u00a0\u00bbdefault\u00a0\u00bb custom_padding=\u00a0\u00bb0px|||||\u00a0\u00bb global_colors_info=\u00a0\u00bb{}\u00a0\u00bb][et_pb_column type=\u00a0\u00bb1_2&Prime; _builder_version=\u00a0\u00bb4.21.0&Prime; _module_preset=\u00a0\u00bbdefault\u00a0\u00bb global_colors_info=\u00a0\u00bb{}\u00a0\u00bb][et_pb_text _builder_version=\u00a0\u00bb4.22.1&Prime; _module_preset=\u00a0\u00bbdefault\u00a0\u00bb header_font=\u00a0\u00bbInter|700|||||||\u00a0\u00bb header_2_font=\u00a0\u00bb||||||||\u00a0\u00bb header_2_font_size=\u00a0\u00bb19px\u00a0\u00bb custom_margin=\u00a0\u00bb||2px|||\u00a0\u00bb global_colors_info=\u00a0\u00bb{}\u00a0\u00bb]<\/p>\n<h2>Exigences du march\u00e9<\/h2>\n<p>[\/et_pb_text][et_pb_text _builder_version=\u00a0\u00bb4.22.1&Prime; _module_preset=\u00a0\u00bbdefault\u00a0\u00bb custom_margin=\u00a0\u00bb||7px|||\u00a0\u00bb global_colors_info=\u00a0\u00bb{}\u00a0\u00bb]<\/p>\n<p>Les exigences du march\u00e9 \u00e9voluent rapidement dans le domaine de la microtechnique.<\/p>\n<p>Les clients recherchent constamment des produits plus petits, plus performants et plus \u00e9conomes en \u00e9nergie.<\/p>\n<p>Les attentes en mati\u00e8re de qualit\u00e9, de durabilit\u00e9 et de co\u00fbts sont \u00e9lev\u00e9es.<\/p>\n<p>Les entreprises suisses doivent constamment s&rsquo;adapter pour r\u00e9pondre \u00e0 ces demandes en d\u00e9veloppant de nouvelles technologies, en am\u00e9liorant les processus de fabrication et en proposant des solutions innovantes.<\/p>\n<p>[\/et_pb_text][et_pb_text _builder_version=\u00a0\u00bb4.22.1&Prime; _module_preset=\u00a0\u00bbdefault\u00a0\u00bb header_font=\u00a0\u00bbInter|700|||||||\u00a0\u00bb header_2_font=\u00a0\u00bb||||||||\u00a0\u00bb header_2_font_size=\u00a0\u00bb19px\u00a0\u00bb custom_margin=\u00a0\u00bb||2px|||\u00a0\u00bb global_colors_info=\u00a0\u00bb{}\u00a0\u00bb]<\/p>\n<h2>Ressources humaines qualifi\u00e9es<\/h2>\n<p>[\/et_pb_text][et_pb_text _builder_version=\u00a0\u00bb4.22.1&Prime; _module_preset=\u00a0\u00bbdefault\u00a0\u00bb global_colors_info=\u00a0\u00bb{}\u00a0\u00bb]<\/p>\n<p>Le secteur de la microtechnique n\u00e9cessite une main-d&rsquo;\u0153uvre hautement qualifi\u00e9e et sp\u00e9cialis\u00e9e.<\/p>\n<p>Le recrutement et la r\u00e9tention de talents dans des domaines tels que l&rsquo;ing\u00e9nierie, la science des mat\u00e9riaux et l&rsquo;\u00e9lectronique peuvent \u00eatre un d\u00e9fi.<\/p>\n<p>Il est essentiel de former et de d\u00e9velopper continuellement les comp\u00e9tences des travailleurs pour rester \u00e0 la pointe de la technologie.<\/p>\n<p>[\/et_pb_text][\/et_pb_column][et_pb_column type=\u00a0\u00bb1_2&Prime; _builder_version=\u00a0\u00bb4.21.0&Prime; _module_preset=\u00a0\u00bbdefault\u00a0\u00bb global_colors_info=\u00a0\u00bb{}\u00a0\u00bb][et_pb_text _builder_version=\u00a0\u00bb4.22.1&Prime; _module_preset=\u00a0\u00bbdefault\u00a0\u00bb header_font=\u00a0\u00bbInter|700|||||||\u00a0\u00bb header_2_font=\u00a0\u00bb||||||||\u00a0\u00bb header_2_font_size=\u00a0\u00bb19px\u00a0\u00bb custom_margin=\u00a0\u00bb||2px|||\u00a0\u00bb global_colors_info=\u00a0\u00bb{}\u00a0\u00bb]<\/p>\n<h2>Innovation continue<\/h2>\n<p>[\/et_pb_text][et_pb_text _builder_version=\u00a0\u00bb4.22.1&Prime; _module_preset=\u00a0\u00bbdefault\u00a0\u00bb global_colors_info=\u00a0\u00bb{}\u00a0\u00bb]<\/p>\n<p>Pour rester comp\u00e9titives, les entreprises suisses doivent investir dans la recherche et le d\u00e9veloppement pour cr\u00e9er de nouvelles technologies et produits.<\/p>\n<p>Cela n\u00e9cessite des ressources financi\u00e8res et humaines importantes.<\/p>\n<p>L&rsquo;innovation est essentielle pour d\u00e9velopper de nouveaux march\u00e9s, r\u00e9soudre des probl\u00e8mes techniques et maintenir leur avantage concurrentiel.<\/p>\n<p>[\/et_pb_text][et_pb_text _builder_version=\u00a0\u00bb4.22.1&Prime; _module_preset=\u00a0\u00bbdefault\u00a0\u00bb header_font=\u00a0\u00bbInter|700|||||||\u00a0\u00bb header_2_font=\u00a0\u00bb||||||||\u00a0\u00bb header_2_font_size=\u00a0\u00bb19px\u00a0\u00bb custom_margin=\u00a0\u00bb||2px|||\u00a0\u00bb global_colors_info=\u00a0\u00bb{}\u00a0\u00bb]<\/p>\n<h2>Complexit\u00e9 technologique<\/h2>\n<p>[\/et_pb_text][et_pb_text _builder_version=\u00a0\u00bb4.22.1&Prime; _module_preset=\u00a0\u00bbdefault\u00a0\u00bb global_colors_info=\u00a0\u00bb{}\u00a0\u00bb]<\/p>\n<p>Les dispositifs microtechniques deviennent de plus en plus complexes, ce qui pr\u00e9sente des d\u00e9fis en mati\u00e8re de conception, de fabrication et de contr\u00f4le qualit\u00e9.<\/p>\n<p>Les entreprises doivent \u00eatre capables de g\u00e9rer cette complexit\u00e9 tout en maintenant des niveaux \u00e9lev\u00e9s de qualit\u00e9 et de fiabilit\u00e9.<\/p>\n<p>[\/et_pb_text][\/et_pb_column][\/et_pb_row][et_pb_row _builder_version=\u00a0\u00bb4.21.0&Prime; _module_preset=\u00a0\u00bbdefault\u00a0\u00bb custom_padding=\u00a0\u00bb0px||1px|||\u00a0\u00bb global_colors_info=\u00a0\u00bb{}\u00a0\u00bb][et_pb_column type=\u00a0\u00bb4_4&Prime; _builder_version=\u00a0\u00bb4.21.0&Prime; _module_preset=\u00a0\u00bbdefault\u00a0\u00bb global_colors_info=\u00a0\u00bb{}\u00a0\u00bb][et_pb_text _builder_version=\u00a0\u00bb4.21.0&Prime; _module_preset=\u00a0\u00bbdefault\u00a0\u00bb header_font=\u00a0\u00bbInter|700|||||||\u00a0\u00bb header_2_font=\u00a0\u00bb||||||||\u00a0\u00bb header_2_font_size=\u00a0\u00bb19px\u00a0\u00bb custom_margin=\u00a0\u00bb||2px|||\u00a0\u00bb global_colors_info=\u00a0\u00bb{}\u00a0\u00bb]<\/p>\n<h2>Conclusion<\/h2>\n<p>[\/et_pb_text][et_pb_text _builder_version=\u00a0\u00bb4.22.1&Prime; _module_preset=\u00a0\u00bbdefault\u00a0\u00bb global_colors_info=\u00a0\u00bb{}\u00a0\u00bb]<\/p>\n<p>Bien que la microtechnique suisse ait une longue histoire de succ\u00e8s, elle doit faire face \u00e0 des d\u00e9fis majeurs li\u00e9s \u00e0 la concurrence internationale, aux exigences du march\u00e9, \u00e0 l&rsquo;innovation, aux ressources humaines et \u00e0 la complexit\u00e9 technologique.<\/p>\n<p>Pour rester \u00e0 la pointe de ce secteur, les entreprises suisses doivent continuellement investir dans la recherche, l&rsquo;innovation et le d\u00e9veloppement de comp\u00e9tences, tout en s&rsquo;adaptant aux \u00e9volutions rapides du march\u00e9 mondial.<\/p>\n<p>[\/et_pb_text][\/et_pb_column][\/et_pb_row][\/et_pb_section]<\/p>\n","protected":false},"excerpt":{"rendered":"<p>La microtechnique suisseIntroductionLa microtechnique suisse, \u00e9galement connue sous le nom de microm\u00e9canique, est un secteur industriel qui se concentre sur la fabrication de composants miniaturis\u00e9s, de dispositifs \u00e9lectroniques et de syst\u00e8mes m\u00e9caniques \u00e0 petite \u00e9chelle. La Suisse est depuis longtemps un acteur cl\u00e9 dans ce domaine, gr\u00e2ce \u00e0 son expertise en ing\u00e9nierie de pr\u00e9cision, \u00e0 [&hellip;]<\/p>\n","protected":false},"author":1,"featured_media":716,"comment_status":"closed","ping_status":"closed","sticky":false,"template":"","format":"standard","meta":{"_et_pb_use_builder":"on","_et_pb_old_content":"","_et_gb_content_width":"1080","footnotes":""},"categories":[28],"tags":[],"class_list":["post-703","post","type-post","status-publish","format-standard","has-post-thumbnail","hentry","category-28"],"_links":{"self":[{"href":"https:\/\/schurchnews.e-lapse.ch\/index.php?rest_route=\/wp\/v2\/posts\/703","targetHints":{"allow":["GET"]}}],"collection":[{"href":"https:\/\/schurchnews.e-lapse.ch\/index.php?rest_route=\/wp\/v2\/posts"}],"about":[{"href":"https:\/\/schurchnews.e-lapse.ch\/index.php?rest_route=\/wp\/v2\/types\/post"}],"author":[{"embeddable":true,"href":"https:\/\/schurchnews.e-lapse.ch\/index.php?rest_route=\/wp\/v2\/users\/1"}],"replies":[{"embeddable":true,"href":"https:\/\/schurchnews.e-lapse.ch\/index.php?rest_route=%2Fwp%2Fv2%2Fcomments&post=703"}],"version-history":[{"count":7,"href":"https:\/\/schurchnews.e-lapse.ch\/index.php?rest_route=\/wp\/v2\/posts\/703\/revisions"}],"predecessor-version":[{"id":717,"href":"https:\/\/schurchnews.e-lapse.ch\/index.php?rest_route=\/wp\/v2\/posts\/703\/revisions\/717"}],"wp:featuredmedia":[{"embeddable":true,"href":"https:\/\/schurchnews.e-lapse.ch\/index.php?rest_route=\/wp\/v2\/media\/716"}],"wp:attachment":[{"href":"https:\/\/schurchnews.e-lapse.ch\/index.php?rest_route=%2Fwp%2Fv2%2Fmedia&parent=703"}],"wp:term":[{"taxonomy":"category","embeddable":true,"href":"https:\/\/schurchnews.e-lapse.ch\/index.php?rest_route=%2Fwp%2Fv2%2Fcategories&post=703"},{"taxonomy":"post_tag","embeddable":true,"href":"https:\/\/schurchnews.e-lapse.ch\/index.php?rest_route=%2Fwp%2Fv2%2Ftags&post=703"}],"curies":[{"name":"wp","href":"https:\/\/api.w.org\/{rel}","templated":true}]}}