{"id":608,"date":"2023-07-06T10:49:19","date_gmt":"2023-07-06T08:49:19","guid":{"rendered":"https:\/\/schurchnews.e-lapse.ch\/?p=608"},"modified":"2023-09-05T09:44:06","modified_gmt":"2023-09-05T07:44:06","slug":"horlogerie-et-materiaux-recycles","status":"publish","type":"post","link":"https:\/\/schurchnews.e-lapse.ch\/?p=608","title":{"rendered":"Horlogerie et mat\u00e9riaux recycl\u00e9s"},"content":{"rendered":"<p>[et_pb_section fb_built=\u00a0\u00bb1&Prime; _builder_version=\u00a0\u00bb4.21.0&Prime; _module_preset=\u00a0\u00bbdefault\u00a0\u00bb custom_padding=\u00a0\u00bb0px||0px|||\u00a0\u00bb global_colors_info=\u00a0\u00bb{}\u00a0\u00bb][et_pb_row _builder_version=\u00a0\u00bb4.21.0&Prime; _module_preset=\u00a0\u00bbdefault\u00a0\u00bb custom_padding=\u00a0\u00bb0px||0px|||\u00a0\u00bb global_colors_info=\u00a0\u00bb{}\u00a0\u00bb][et_pb_column type=\u00a0\u00bb4_4&Prime; _builder_version=\u00a0\u00bb4.21.0&Prime; _module_preset=\u00a0\u00bbdefault\u00a0\u00bb global_colors_info=\u00a0\u00bb{}\u00a0\u00bb][et_pb_text _builder_version=\u00a0\u00bb4.21.0&Prime; _module_preset=\u00a0\u00bbdefault\u00a0\u00bb header_font=\u00a0\u00bb|700||on|||||\u00a0\u00bb custom_margin=\u00a0\u00bb||0px||false|false\u00a0\u00bb custom_padding=\u00a0\u00bb||0px|||\u00a0\u00bb header_font_size_tablet=\u00a0\u00bb25px\u00a0\u00bb header_font_size_phone=\u00a0\u00bb19px\u00a0\u00bb header_font_size_last_edited=\u00a0\u00bbon|phone\u00a0\u00bb global_colors_info=\u00a0\u00bb{}\u00a0\u00bb]<\/p>\n<h1>Horlogerie et mat\u00e9riaux recycl\u00e9s<\/h1>\n<p>[\/et_pb_text][\/et_pb_column][\/et_pb_row][et_pb_row column_structure=\u00a0\u00bb1_2,1_2&Prime; use_custom_gutter=\u00a0\u00bbon\u00a0\u00bb _builder_version=\u00a0\u00bb4.21.0&Prime; _module_preset=\u00a0\u00bbdefault\u00a0\u00bb custom_padding=\u00a0\u00bb0px||0px|||\u00a0\u00bb global_colors_info=\u00a0\u00bb{}\u00a0\u00bb][et_pb_column type=\u00a0\u00bb1_2&Prime; module_class=\u00a0\u00bbcol-art-left\u00a0\u00bb _builder_version=\u00a0\u00bb4.21.0&Prime; _module_preset=\u00a0\u00bbdefault\u00a0\u00bb custom_padding=\u00a0\u00bb||||false|false\u00a0\u00bb global_colors_info=\u00a0\u00bb{}\u00a0\u00bb][et_pb_video src=\u00a0\u00bbhttps:\/\/schurchnews.e-lapse.ch\/wp-content\/uploads\/2023\/09\/04-Recycling_.mp4&Prime; image_src=\u00a0\u00bbhttps:\/\/schurchnews.e-lapse.ch\/wp-content\/uploads\/2023\/07\/recycling.jpg\u00a0\u00bb play_icon_color=\u00a0\u00bb#FFFFFF\u00a0\u00bb _builder_version=\u00a0\u00bb4.22.1&Prime; _module_preset=\u00a0\u00bbdefault\u00a0\u00bb hover_enabled=\u00a0\u00bb0&Prime; global_colors_info=\u00a0\u00bb{}\u00a0\u00bb title_text=\u00a0\u00bb04 Recycling_\u00a0\u00bb sticky_enabled=\u00a0\u00bb0&Prime;][\/et_pb_video][\/et_pb_column][et_pb_column type=\u00a0\u00bb1_2&Prime; module_class=\u00a0\u00bbcol-art-right\u00a0\u00bb _builder_version=\u00a0\u00bb4.21.0&Prime; _module_preset=\u00a0\u00bbdefault\u00a0\u00bb custom_padding=\u00a0\u00bb|||20px|false|false\u00a0\u00bb global_colors_info=\u00a0\u00bb{}\u00a0\u00bb][et_pb_text _builder_version=\u00a0\u00bb4.21.0&Prime; _module_preset=\u00a0\u00bbdefault\u00a0\u00bb header_font=\u00a0\u00bbInter|700|||||||\u00a0\u00bb header_2_font=\u00a0\u00bb||||||||\u00a0\u00bb header_2_font_size=\u00a0\u00bb19px\u00a0\u00bb custom_margin=\u00a0\u00bb||2px|||\u00a0\u00bb global_colors_info=\u00a0\u00bb{}\u00a0\u00bb]<\/p>\n<h2>Introduction<\/h2>\n<p>[\/et_pb_text][et_pb_text _builder_version=\u00a0\u00bb4.21.0&Prime; _module_preset=\u00a0\u00bbdefault\u00a0\u00bb custom_margin=\u00a0\u00bb||||false|false\u00a0\u00bb global_colors_info=\u00a0\u00bb{}\u00a0\u00bb]<\/p>\n<p>Dans le monde de l&rsquo;horlogerie, l&rsquo;innovation ne se limite pas seulement aux complications et au design, mais \u00e9galement \u00e0 l&rsquo;utilisation de mat\u00e9riaux durables et respectueux de l&rsquo;environnement.<\/p>\n<p>Les pr\u00e9occupations croissantes concernant la durabilit\u00e9 ont conduit de nombreuses marques horlog\u00e8res \u00e0 explorer l&rsquo;utilisation de mat\u00e9riaux recycl\u00e9s dans la fabrication de leurs <br \/>montres.<\/p>\n<p>[\/et_pb_text][et_pb_text disabled_on=\u00a0\u00bbon|off|off\u00a0\u00bb _builder_version=\u00a0\u00bb4.21.0&Prime; _module_preset=\u00a0\u00bbdefault\u00a0\u00bb custom_margin=\u00a0\u00bb||||false|false\u00a0\u00bb global_colors_info=\u00a0\u00bb{}\u00a0\u00bb]<\/p>\n<p>Dans cet article, nous explorerons les avantages et les exemples concrets de l&rsquo;utilisation de mat\u00e9riaux recycl\u00e9s dans l&rsquo;industrie horlog\u00e8re.<\/p>\n<p>[\/et_pb_text][\/et_pb_column][\/et_pb_row][et_pb_row _builder_version=\u00a0\u00bb4.21.0&Prime; _module_preset=\u00a0\u00bbdefault\u00a0\u00bb custom_margin=\u00a0\u00bb30px||||false|false\u00a0\u00bb custom_padding=\u00a0\u00bb0px|||||\u00a0\u00bb global_colors_info=\u00a0\u00bb{}\u00a0\u00bb][et_pb_column type=\u00a0\u00bb4_4&Prime; _builder_version=\u00a0\u00bb4.21.0&Prime; _module_preset=\u00a0\u00bbdefault\u00a0\u00bb global_colors_info=\u00a0\u00bb{}\u00a0\u00bb][et_pb_text disabled_on=\u00a0\u00bboff|on|on\u00a0\u00bb _builder_version=\u00a0\u00bb4.21.0&Prime; _module_preset=\u00a0\u00bbdefault\u00a0\u00bb custom_margin=\u00a0\u00bb||||false|false\u00a0\u00bb global_colors_info=\u00a0\u00bb{}\u00a0\u00bb]<\/p>\n<p>Dans cet article, nous explorerons les avantages et les exemples concrets de l&rsquo;utilisation de mat\u00e9riaux recycl\u00e9s dans l&rsquo;industrie horlog\u00e8re.<\/p>\n<p>[\/et_pb_text][et_pb_text _builder_version=\u00a0\u00bb4.21.0&Prime; _module_preset=\u00a0\u00bbdefault\u00a0\u00bb header_font=\u00a0\u00bbInter|700|||||||\u00a0\u00bb header_2_font=\u00a0\u00bb||||||||\u00a0\u00bb header_2_font_size=\u00a0\u00bb19px\u00a0\u00bb custom_margin=\u00a0\u00bb||2px|||\u00a0\u00bb locked=\u00a0\u00bboff\u00a0\u00bb global_colors_info=\u00a0\u00bb{}\u00a0\u00bb]<\/p>\n<h2>Avantages des mat\u00e9riaux recycl\u00e9s<\/h2>\n<p>[\/et_pb_text][et_pb_text _builder_version=\u00a0\u00bb4.21.0&Prime; _module_preset=\u00a0\u00bbdefault\u00a0\u00bb locked=\u00a0\u00bboff\u00a0\u00bb global_colors_info=\u00a0\u00bb{}\u00a0\u00bb]<\/p>\n<p>L&rsquo;utilisation de mat\u00e9riaux recycl\u00e9s dans l&rsquo;horlogerie pr\u00e9sente de nombreux avantages.<\/p>\n<p>Tout d&rsquo;abord, cela contribue \u00e0 r\u00e9duire la demande de nouvelles ressources naturelles et \u00e0 limiter l&rsquo;impact environnemental de l&rsquo;extraction de ces mat\u00e9riaux.<\/p>\n<p>De plus, l&rsquo;utilisation de mat\u00e9riaux recycl\u00e9s peut r\u00e9duire les co\u00fbts de production et am\u00e9liorer la durabilit\u00e9 des produits finaux.<\/p>\n<p>[\/et_pb_text][\/et_pb_column][\/et_pb_row][et_pb_row column_structure=\u00a0\u00bb1_2,1_2&Prime; use_custom_gutter=\u00a0\u00bbon\u00a0\u00bb _builder_version=\u00a0\u00bb4.21.0&Prime; _module_preset=\u00a0\u00bbdefault\u00a0\u00bb custom_padding=\u00a0\u00bb0px|||||\u00a0\u00bb global_colors_info=\u00a0\u00bb{}\u00a0\u00bb][et_pb_column type=\u00a0\u00bb1_2&Prime; _builder_version=\u00a0\u00bb4.21.0&Prime; _module_preset=\u00a0\u00bbdefault\u00a0\u00bb global_colors_info=\u00a0\u00bb{}\u00a0\u00bb][et_pb_text _builder_version=\u00a0\u00bb4.21.0&Prime; _module_preset=\u00a0\u00bbdefault\u00a0\u00bb header_font=\u00a0\u00bbInter|700|||||||\u00a0\u00bb header_2_font=\u00a0\u00bb||||||||\u00a0\u00bb header_2_font_size=\u00a0\u00bb19px\u00a0\u00bb custom_margin=\u00a0\u00bb||2px|||\u00a0\u00bb global_colors_info=\u00a0\u00bb{}\u00a0\u00bb]<\/p>\n<h2>L&rsquo;acier recycl\u00e9<\/h2>\n<p>[\/et_pb_text][et_pb_text _builder_version=\u00a0\u00bb4.21.0&Prime; _module_preset=\u00a0\u00bbdefault\u00a0\u00bb custom_margin=\u00a0\u00bb||7px|||\u00a0\u00bb global_colors_info=\u00a0\u00bb{}\u00a0\u00bb]<\/p>\n<p>L&rsquo;acier est l&rsquo;un des mat\u00e9riaux les plus couramment utilis\u00e9s dans l&rsquo;industrie horlog\u00e8re.<\/p>\n<p>Certaines marques ont commenc\u00e9 \u00e0 utiliser de l&rsquo;acier recycl\u00e9 provenant de sources telles que les voitures hors d&rsquo;usage ou les d\u00e9chets industriels.<\/p>\n<p>Cette approche permet de r\u00e9duire la consommation d&rsquo;\u00e9nergie et les \u00e9missions de carbone associ\u00e9es \u00e0 la production d&rsquo;acier vierge.<\/p>\n<p>[\/et_pb_text][et_pb_text _builder_version=\u00a0\u00bb4.21.0&Prime; _module_preset=\u00a0\u00bbdefault\u00a0\u00bb header_font=\u00a0\u00bbInter|700|||||||\u00a0\u00bb header_2_font=\u00a0\u00bb||||||||\u00a0\u00bb header_2_font_size=\u00a0\u00bb19px\u00a0\u00bb custom_margin=\u00a0\u00bb||2px|||\u00a0\u00bb global_colors_info=\u00a0\u00bb{}\u00a0\u00bb]<\/p>\n<h2>Verre et c\u00e9ramique recycl\u00e9s<\/h2>\n<p>[\/et_pb_text][et_pb_text _builder_version=\u00a0\u00bb4.21.0&Prime; _module_preset=\u00a0\u00bbdefault\u00a0\u00bb global_colors_info=\u00a0\u00bb{}\u00a0\u00bb]<\/p>\n<p>Le verre et la c\u00e9ramique recycl\u00e9s sont \u00e9galement utilis\u00e9s dans la fabrication de montres durables.<\/p>\n<p>Les fabricants peuvent r\u00e9cup\u00e9rer du verre provenant de bouteilles ou de vitres recycl\u00e9es, et l&rsquo;utiliser pour les cadrans ou les verres des montres.<\/p>\n<p>De m\u00eame, la c\u00e9ramique recycl\u00e9e peut \u00eatre utilis\u00e9e pour les bo\u00eetiers ou les bracelets, r\u00e9duisant ainsi la demande de nouveaux mat\u00e9riaux.<\/p>\n<p>[\/et_pb_text][\/et_pb_column][et_pb_column type=\u00a0\u00bb1_2&Prime; _builder_version=\u00a0\u00bb4.21.0&Prime; _module_preset=\u00a0\u00bbdefault\u00a0\u00bb global_colors_info=\u00a0\u00bb{}\u00a0\u00bb][et_pb_text _builder_version=\u00a0\u00bb4.21.0&Prime; _module_preset=\u00a0\u00bbdefault\u00a0\u00bb header_font=\u00a0\u00bbInter|700|||||||\u00a0\u00bb header_2_font=\u00a0\u00bb||||||||\u00a0\u00bb header_2_font_size=\u00a0\u00bb19px\u00a0\u00bb custom_margin=\u00a0\u00bb||2px|||\u00a0\u00bb global_colors_info=\u00a0\u00bb{}\u00a0\u00bb]<\/p>\n<h2>Les montres \u00e0 partir de d\u00e9chets plastiques<\/h2>\n<p>[\/et_pb_text][et_pb_text _builder_version=\u00a0\u00bb4.21.0&Prime; _module_preset=\u00a0\u00bbdefault\u00a0\u00bb global_colors_info=\u00a0\u00bb{}\u00a0\u00bb]<\/p>\n<p>Certaines marques horlog\u00e8res innovent en utilisant des d\u00e9chets plastiques recycl\u00e9s pour la fabrication de leurs montres.<\/p>\n<p>Ces d\u00e9chets plastiques peuvent provenir de sources vari\u00e9es, comme les oc\u00e9ans ou les d\u00e9chets \u00e9lectroniques.<\/p>\n<p>Les montres fabriqu\u00e9es \u00e0 partir de plastique recycl\u00e9 offrent une alternative durable aux mat\u00e9riaux traditionnels et contribuent \u00e0 la r\u00e9duction des d\u00e9chets plastiques.<\/p>\n<p>[\/et_pb_text][et_pb_text _builder_version=\u00a0\u00bb4.21.0&Prime; _module_preset=\u00a0\u00bbdefault\u00a0\u00bb header_font=\u00a0\u00bbInter|700|||||||\u00a0\u00bb header_2_font=\u00a0\u00bb||||||||\u00a0\u00bb header_2_font_size=\u00a0\u00bb19px\u00a0\u00bb custom_margin=\u00a0\u00bb||2px|||\u00a0\u00bb global_colors_info=\u00a0\u00bb{}\u00a0\u00bb]<\/p>\n<h2>Le recyclage des m\u00e9taux pr\u00e9cieux<\/h2>\n<p>[\/et_pb_text][et_pb_text _builder_version=\u00a0\u00bb4.21.0&Prime; _module_preset=\u00a0\u00bbdefault\u00a0\u00bb global_colors_info=\u00a0\u00bb{}\u00a0\u00bb]<\/p>\n<p>L&rsquo;industrie horlog\u00e8re utilise \u00e9galement des m\u00e9taux pr\u00e9cieux tels que l&rsquo;or et l&rsquo;argent.<\/p>\n<p>Les marques peuvent recycler ces m\u00e9taux \u00e0 partir de montres usag\u00e9es ou de bijoux, r\u00e9duisant ainsi la n\u00e9cessit\u00e9 d&rsquo;extraire de nouvelles ressources mini\u00e8res.<\/p>\n<p>Le recyclage des m\u00e9taux pr\u00e9cieux permet de r\u00e9duire les impacts environnementaux et de promouvoir une utilisation responsable de ces mat\u00e9riaux pr\u00e9cieux.<\/p>\n<p>[\/et_pb_text][\/et_pb_column][\/et_pb_row][et_pb_row _builder_version=\u00a0\u00bb4.21.0&Prime; _module_preset=\u00a0\u00bbdefault\u00a0\u00bb custom_padding=\u00a0\u00bb0px||1px|||\u00a0\u00bb global_colors_info=\u00a0\u00bb{}\u00a0\u00bb][et_pb_column type=\u00a0\u00bb4_4&Prime; _builder_version=\u00a0\u00bb4.21.0&Prime; _module_preset=\u00a0\u00bbdefault\u00a0\u00bb global_colors_info=\u00a0\u00bb{}\u00a0\u00bb][et_pb_text _builder_version=\u00a0\u00bb4.21.0&Prime; _module_preset=\u00a0\u00bbdefault\u00a0\u00bb header_font=\u00a0\u00bbInter|700|||||||\u00a0\u00bb header_2_font=\u00a0\u00bb||||||||\u00a0\u00bb header_2_font_size=\u00a0\u00bb19px\u00a0\u00bb custom_margin=\u00a0\u00bb||2px|||\u00a0\u00bb global_colors_info=\u00a0\u00bb{}\u00a0\u00bb]<\/p>\n<h2>Conclusion<\/h2>\n<p>[\/et_pb_text][et_pb_text _builder_version=\u00a0\u00bb4.21.0&Prime; _module_preset=\u00a0\u00bbdefault\u00a0\u00bb global_colors_info=\u00a0\u00bb{}\u00a0\u00bb]<\/p>\n<p>L&rsquo;utilisation de mat\u00e9riaux recycl\u00e9s dans l&rsquo;industrie horlog\u00e8re repr\u00e9sente un pas important vers <br \/>la durabilit\u00e9 et la protection de l&rsquo;environnement.<\/p>\n<p>Les exemples concrets de l&rsquo;utilisation de ces mat\u00e9riaux d\u00e9montrent que la beaut\u00e9 et l&rsquo;\u00e9l\u00e9gance des montres suisses peuvent aller de pair avec des pratiques respectueuses de la plan\u00e8te.<\/p>\n<p>L&rsquo;horlogerie suisse montre ainsi la voie vers un avenir plus durable, o\u00f9 l&rsquo;innovation et la responsabilit\u00e9 environnementale se rejoignent harmonieusement.<\/p>\n<p>[\/et_pb_text][\/et_pb_column][\/et_pb_row][\/et_pb_section]<\/p>\n","protected":false},"excerpt":{"rendered":"<p>Horlogerie et mat\u00e9riaux recycl\u00e9sIntroductionDans le monde de l&rsquo;horlogerie, l&rsquo;innovation ne se limite pas seulement aux complications et au design, mais \u00e9galement \u00e0 l&rsquo;utilisation de mat\u00e9riaux durables et respectueux de l&rsquo;environnement. Les pr\u00e9occupations croissantes concernant la durabilit\u00e9 ont conduit de nombreuses marques horlog\u00e8res \u00e0 explorer l&rsquo;utilisation de mat\u00e9riaux recycl\u00e9s dans la fabrication de leurs montres.Dans cet [&hellip;]<\/p>\n","protected":false},"author":1,"featured_media":610,"comment_status":"closed","ping_status":"closed","sticky":false,"template":"","format":"standard","meta":{"_et_pb_use_builder":"on","_et_pb_old_content":"","_et_gb_content_width":"1080","footnotes":""},"categories":[28],"tags":[],"class_list":["post-608","post","type-post","status-publish","format-standard","has-post-thumbnail","hentry","category-28"],"_links":{"self":[{"href":"https:\/\/schurchnews.e-lapse.ch\/index.php?rest_route=\/wp\/v2\/posts\/608","targetHints":{"allow":["GET"]}}],"collection":[{"href":"https:\/\/schurchnews.e-lapse.ch\/index.php?rest_route=\/wp\/v2\/posts"}],"about":[{"href":"https:\/\/schurchnews.e-lapse.ch\/index.php?rest_route=\/wp\/v2\/types\/post"}],"author":[{"embeddable":true,"href":"https:\/\/schurchnews.e-lapse.ch\/index.php?rest_route=\/wp\/v2\/users\/1"}],"replies":[{"embeddable":true,"href":"https:\/\/schurchnews.e-lapse.ch\/index.php?rest_route=%2Fwp%2Fv2%2Fcomments&post=608"}],"version-history":[{"count":10,"href":"https:\/\/schurchnews.e-lapse.ch\/index.php?rest_route=\/wp\/v2\/posts\/608\/revisions"}],"predecessor-version":[{"id":726,"href":"https:\/\/schurchnews.e-lapse.ch\/index.php?rest_route=\/wp\/v2\/posts\/608\/revisions\/726"}],"wp:featuredmedia":[{"embeddable":true,"href":"https:\/\/schurchnews.e-lapse.ch\/index.php?rest_route=\/wp\/v2\/media\/610"}],"wp:attachment":[{"href":"https:\/\/schurchnews.e-lapse.ch\/index.php?rest_route=%2Fwp%2Fv2%2Fmedia&parent=608"}],"wp:term":[{"taxonomy":"category","embeddable":true,"href":"https:\/\/schurchnews.e-lapse.ch\/index.php?rest_route=%2Fwp%2Fv2%2Fcategories&post=608"},{"taxonomy":"post_tag","embeddable":true,"href":"https:\/\/schurchnews.e-lapse.ch\/index.php?rest_route=%2Fwp%2Fv2%2Ftags&post=608"}],"curies":[{"name":"wp","href":"https:\/\/api.w.org\/{rel}","templated":true}]}}