{"id":336,"date":"2023-06-21T10:50:00","date_gmt":"2023-06-21T08:50:00","guid":{"rendered":"https:\/\/schurchnews.e-lapse.ch\/?p=336"},"modified":"2023-08-08T10:20:35","modified_gmt":"2023-08-08T08:20:35","slug":"la-montre-bracelet-pour-femmes","status":"publish","type":"post","link":"https:\/\/schurchnews.e-lapse.ch\/?p=336","title":{"rendered":"La premi\u00e8re montre bracelet"},"content":{"rendered":"\n[et_pb_section fb_built=\u00a0\u00bb1&Prime; disabled_on=\u00a0\u00bboff|off|off\u00a0\u00bb _builder_version=\u00a0\u00bb4.21.0&Prime; _module_preset=\u00a0\u00bbdefault\u00a0\u00bb custom_padding=\u00a0\u00bb0px||0px||false|false\u00a0\u00bb global_colors_info=\u00a0\u00bb{}\u00a0\u00bb][et_pb_row _builder_version=\u00a0\u00bb4.21.0&Prime; _module_preset=\u00a0\u00bbdefault\u00a0\u00bb custom_padding=\u00a0\u00bb3px||0px|||\u00a0\u00bb global_colors_info=\u00a0\u00bb{}\u00a0\u00bb][et_pb_column type=\u00a0\u00bb4_4&Prime; _builder_version=\u00a0\u00bb4.21.0&Prime; _module_preset=\u00a0\u00bbdefault\u00a0\u00bb global_colors_info=\u00a0\u00bb{}\u00a0\u00bb][et_pb_text _builder_version=\u00a0\u00bb4.21.0&Prime; _module_preset=\u00a0\u00bbdefault\u00a0\u00bb header_font=\u00a0\u00bb|700||on|||||\u00a0\u00bb custom_padding=\u00a0\u00bb||11px|||\u00a0\u00bb header_font_tablet=\u00a0\u00bb|700||on|||||\u00a0\u00bb header_font_phone=\u00a0\u00bb|700||on|||||\u00a0\u00bb header_font_last_edited=\u00a0\u00bbon|desktop\u00a0\u00bb header_font_size_tablet=\u00a0\u00bb25px\u00a0\u00bb header_font_size_phone=\u00a0\u00bb19px\u00a0\u00bb header_font_size_last_edited=\u00a0\u00bbon|phone\u00a0\u00bb global_colors_info=\u00a0\u00bb{}\u00a0\u00bb]<h1>La premi\u00e8re montre bracelet<\/h1>[\/et_pb_text][\/et_pb_column][\/et_pb_row][et_pb_row column_structure=\u00a0\u00bb1_2,1_2&Prime; use_custom_gutter=\u00a0\u00bbon\u00a0\u00bb _builder_version=\u00a0\u00bb4.21.0&Prime; _module_preset=\u00a0\u00bbdefault\u00a0\u00bb custom_margin=\u00a0\u00bb|auto|7px|auto|false|false\u00a0\u00bb custom_padding=\u00a0\u00bb0px||0px||false|false\u00a0\u00bb global_colors_info=\u00a0\u00bb{}\u00a0\u00bb][et_pb_column type=\u00a0\u00bb1_2&Prime; module_class=\u00a0\u00bbcol-art-left\u00a0\u00bb _builder_version=\u00a0\u00bb4.21.0&Prime; _module_preset=\u00a0\u00bbdefault\u00a0\u00bb custom_padding=\u00a0\u00bb||||false|false\u00a0\u00bb global_colors_info=\u00a0\u00bb{}\u00a0\u00bb][et_pb_video src=\u00a0\u00bbhttps:\/\/schurchnews.e-lapse.ch\/wp-content\/uploads\/2023\/06\/02-La-premiere-montre-bracelet-pour-femmes-1.mp4&Prime; image_src=\u00a0\u00bbhttps:\/\/schurchnews.e-lapse.ch\/wp-content\/uploads\/2023\/05\/2b.jpeg\u00a0\u00bb _builder_version=\u00a0\u00bb4.21.0&Prime; _module_preset=\u00a0\u00bbdefault\u00a0\u00bb global_colors_info=\u00a0\u00bb{}\u00a0\u00bb][\/et_pb_video][\/et_pb_column][et_pb_column type=\u00a0\u00bb1_2&Prime; module_class=\u00a0\u00bbcol-art-right\u00a0\u00bb _builder_version=\u00a0\u00bb4.21.0&Prime; _module_preset=\u00a0\u00bbdefault\u00a0\u00bb custom_padding=\u00a0\u00bb||||false|false\u00a0\u00bb global_colors_info=\u00a0\u00bb{}\u00a0\u00bb][et_pb_text _builder_version=\u00a0\u00bb4.21.0&Prime; _module_preset=\u00a0\u00bbdefault\u00a0\u00bb header_font=\u00a0\u00bbInter|700|||||||\u00a0\u00bb header_2_font=\u00a0\u00bb||||||||\u00a0\u00bb header_2_font_size=\u00a0\u00bb19px\u00a0\u00bb custom_margin=\u00a0\u00bb||2px||false|true\u00a0\u00bb global_colors_info=\u00a0\u00bb{}\u00a0\u00bb]<h2>Introduction<\/h2>[\/et_pb_text][et_pb_text _builder_version=\u00a0\u00bb4.21.0&Prime; _module_preset=\u00a0\u00bbdefault\u00a0\u00bb custom_padding=\u00a0\u00bb||||false|true\u00a0\u00bb global_colors_info=\u00a0\u00bb{}\u00a0\u00bb]<p>Les montres-bracelets sont devenues des accessoires incontournables dans le monde de la mode et de la fonctionnalit\u00e9.<\/p>[\/et_pb_text][et_pb_text disabled_on=\u00a0\u00bbon|off|off\u00a0\u00bb module_class=\u00a0\u00bbder-bloc-text-dr\u00a0\u00bb _builder_version=\u00a0\u00bb4.21.0&Prime; _module_preset=\u00a0\u00bbdefault\u00a0\u00bb custom_margin=\u00a0\u00bb||||false|false\u00a0\u00bb custom_padding=\u00a0\u00bb||||false|true\u00a0\u00bb global_colors_info=\u00a0\u00bb{}\u00a0\u00bb]<p>Mais saviez-vous que la toute premi\u00e8re montre-bracelet pour femmes remonte \u00e0 l&rsquo;ann\u00e9e 1810 ?<\/p>\n<p>Aujourd&rsquo;hui, nous plongeons dans l&rsquo;histoire de la montre n\u00b02639 de la Maison Breguet, command\u00e9e par Caroline Murat, la s\u0153ur de Napol\u00e9on Bonaparte et reine de Naples \u00e0 l&rsquo;\u00e9poque.<\/p>[\/et_pb_text][\/et_pb_column][\/et_pb_row][\/et_pb_section][et_pb_section fb_built=\u00a0\u00bb1&Prime; theme_builder_area=\u00a0\u00bbpost_content\u00a0\u00bb _builder_version=\u00a0\u00bb4.21.0&Prime; _module_preset=\u00a0\u00bbdefault\u00a0\u00bb custom_padding=\u00a0\u00bb0px||0px|||\u00a0\u00bb global_module=\u00a0\u00bb646&Prime; saved_tabs=\u00a0\u00bball\u00a0\u00bb][et_pb_row _builder_version=\u00a0\u00bb4.21.0&Prime; _module_preset=\u00a0\u00bbdefault\u00a0\u00bb theme_builder_area=\u00a0\u00bbpost_content\u00a0\u00bb custom_padding=\u00a0\u00bb0px||0px|||\u00a0\u00bb][et_pb_column _builder_version=\u00a0\u00bb4.21.0&Prime; _module_preset=\u00a0\u00bbdefault\u00a0\u00bb type=\u00a0\u00bb4_4&Prime; theme_builder_area=\u00a0\u00bbpost_content\u00a0\u00bb][et_pb_cta title=\u00a0\u00bbAchetez nos produits\u00a0\u00bb button_text=\u00a0\u00bbBoutique en ligne\u00a0\u00bb _builder_version=\u00a0\u00bb4.21.0&Prime; _module_preset=\u00a0\u00bbdefault\u00a0\u00bb theme_builder_area=\u00a0\u00bbpost_content\u00a0\u00bb button_url=\u00a0\u00bbhttp:\/\/www.schurch-asco.com\/e-shop\/catalog\/index.php?osCsid=a57030a3a644fa913cdada3ac7d0572d\u00a0\u00bb background_color=\u00a0\u00bb#3cce99&Prime; hover_enabled=\u00a0\u00bb0&Prime; sticky_enabled=\u00a0\u00bb0&Prime; body_font=\u00a0\u00bb||||||||\u00a0\u00bb custom_button=\u00a0\u00bbon\u00a0\u00bb button_bg_color=\u00a0\u00bb#E02B20&Prime; button_bg_enable_color=\u00a0\u00bbon\u00a0\u00bb]<p>Schurch Asco SA situ\u00e9 sur les bords du lac de Neuch\u00e2tel, distribue en suisse et dans le monde entier : outils d\u2019horlogerie et fournitures industrielles depuis 1833.<br \/>Nos partenaires appr\u00e9cient notre savoir-faire et la qualit\u00e9 de nos produits depuis plus de 180 ans.<\/p>[\/et_pb_cta][\/et_pb_column][\/et_pb_row][\/et_pb_section][et_pb_section fb_built=\u00a0\u00bb1&Prime; _builder_version=\u00a0\u00bb4.21.0&Prime; _module_preset=\u00a0\u00bbdefault\u00a0\u00bb custom_margin=\u00a0\u00bb-7px||-7px||true|false\u00a0\u00bb custom_padding=\u00a0\u00bb0px||0px|||\u00a0\u00bb global_colors_info=\u00a0\u00bb{}\u00a0\u00bb][et_pb_row _builder_version=\u00a0\u00bb4.21.0&Prime; _module_preset=\u00a0\u00bbdefault\u00a0\u00bb min_height=\u00a0\u00bb154.6px\u00a0\u00bb custom_margin=\u00a0\u00bb20px|auto||auto|false|false\u00a0\u00bb custom_padding=\u00a0\u00bb0px|||||\u00a0\u00bb global_colors_info=\u00a0\u00bb{}\u00a0\u00bb][et_pb_column type=\u00a0\u00bb4_4&Prime; _builder_version=\u00a0\u00bb4.21.0&Prime; _module_preset=\u00a0\u00bbdefault\u00a0\u00bb global_colors_info=\u00a0\u00bb{}\u00a0\u00bb][et_pb_text disabled_on=\u00a0\u00bboff|on|on\u00a0\u00bb _builder_version=\u00a0\u00bb4.21.0&Prime; _module_preset=\u00a0\u00bbdefault\u00a0\u00bb custom_padding=\u00a0\u00bb||||false|true\u00a0\u00bb global_colors_info=\u00a0\u00bb{}\u00a0\u00bb]<p>Mais saviez-vous que la toute premi\u00e8re montre-bracelet pour femmes remonte \u00e0 l&rsquo;ann\u00e9e 1810 ?<\/p>\n<p>Aujourd&rsquo;hui, nous plongeons dans l&rsquo;histoire de la montre n\u00b02639 de la Maison Breguet, command\u00e9e par Caroline Murat, la s\u0153ur de Napol\u00e9on Bonaparte et reine de Naples \u00e0 l&rsquo;\u00e9poque.<\/p>[\/et_pb_text][et_pb_text _builder_version=\u00a0\u00bb4.21.0&Prime; _module_preset=\u00a0\u00bbdefault\u00a0\u00bb header_font=\u00a0\u00bb||||||||\u00a0\u00bb header_2_font=\u00a0\u00bb||||||||\u00a0\u00bb header_2_font_size=\u00a0\u00bb19px\u00a0\u00bb header_2_line_height=\u00a0\u00bb1.1em\u00a0\u00bb custom_margin=\u00a0\u00bb1px||5px||false|false\u00a0\u00bb locked=\u00a0\u00bboff\u00a0\u00bb global_colors_info=\u00a0\u00bb{}\u00a0\u00bb]<h2>1810: La naissance de la premi\u00e8re montre-bracelet<\/h2>[\/et_pb_text][et_pb_text _builder_version=\u00a0\u00bb4.21.0&Prime; _module_preset=\u00a0\u00bbdefault\u00a0\u00bb locked=\u00a0\u00bboff\u00a0\u00bb global_colors_info=\u00a0\u00bb{}\u00a0\u00bb]<p>Le 8 juin 1810, Caroline Murat demande \u00e0 la Maison Breguet de lui cr\u00e9er une montre-bracelet.<\/p>\n<p>\u00c0 cette \u00e9poque, les montres \u00e9taient principalement des pi\u00e8ces de poche, mais la Reine de Naples souhaitait une alternative plus pratique et \u00e9l\u00e9gante.<\/p>\n<p>C&rsquo;est ainsi que la montre n\u00b02639 vit le jour, marquant le d\u00e9but d&rsquo;une r\u00e9volution horlog\u00e8re pour les femmes.<\/p>[\/et_pb_text][\/et_pb_column][\/et_pb_row][et_pb_row column_structure=\u00a0\u00bb1_2,1_2&Prime; use_custom_gutter=\u00a0\u00bbon\u00a0\u00bb _builder_version=\u00a0\u00bb4.21.0&Prime; _module_preset=\u00a0\u00bbdefault\u00a0\u00bb custom_padding=\u00a0\u00bb0px|||||\u00a0\u00bb global_colors_info=\u00a0\u00bb{}\u00a0\u00bb][et_pb_column type=\u00a0\u00bb1_2&Prime; _builder_version=\u00a0\u00bb4.21.0&Prime; _module_preset=\u00a0\u00bbdefault\u00a0\u00bb global_colors_info=\u00a0\u00bb{}\u00a0\u00bb][et_pb_text _builder_version=\u00a0\u00bb4.21.0&Prime; _module_preset=\u00a0\u00bbdefault\u00a0\u00bb header_font=\u00a0\u00bbInter|700|||||||\u00a0\u00bb header_2_font=\u00a0\u00bb||||||||\u00a0\u00bb header_2_font_size=\u00a0\u00bb19px\u00a0\u00bb custom_margin=\u00a0\u00bb||2px|||\u00a0\u00bb custom_padding=\u00a0\u00bb||0px|||\u00a0\u00bb global_colors_info=\u00a0\u00bb{}\u00a0\u00bb]<h2>Un objet de valeur et d&rsquo;histoire<\/h2>[\/et_pb_text][et_pb_text _builder_version=\u00a0\u00bb4.21.0&Prime; _module_preset=\u00a0\u00bbdefault\u00a0\u00bb custom_margin=\u00a0\u00bb||7px|||\u00a0\u00bb global_colors_info=\u00a0\u00bb{}\u00a0\u00bb]<p>Le 8 juin 1810, Caroline Murat demande \u00e0 la Maison Breguet de lui cr\u00e9er une montre-bracelet.<\/p>\n<p>\u00c0 cette \u00e9poque, les montres \u00e9taient principalement des pi\u00e8ces de poche, mais la Reine de Naples souhaitait une alternative plus pratique et \u00e9l\u00e9gante.<\/p>\n<p>C&rsquo;est ainsi que la montre n\u00b02639 vit le jour, marquant le d\u00e9but d&rsquo;une r\u00e9volution horlog\u00e8re pour les femmes.<\/p>[\/et_pb_text][et_pb_text _builder_version=\u00a0\u00bb4.21.0&Prime; _module_preset=\u00a0\u00bbdefault\u00a0\u00bb header_font=\u00a0\u00bbInter|700|||||||\u00a0\u00bb header_2_font=\u00a0\u00bb||||||||\u00a0\u00bb header_2_font_size=\u00a0\u00bb19px\u00a0\u00bb custom_margin=\u00a0\u00bb19px||2px|||\u00a0\u00bb global_colors_info=\u00a0\u00bb{}\u00a0\u00bb]<h2>La red\u00e9couverte en 1849<\/h2>[\/et_pb_text][et_pb_text _builder_version=\u00a0\u00bb4.21.0&Prime; _module_preset=\u00a0\u00bbdefault\u00a0\u00bb global_colors_info=\u00a0\u00bb{}\u00a0\u00bb]<p>Il faudra attendre 1849 pour retrouver la trace de la montre n\u00b02639 de la Maison Breguet.<\/p>\n<p>Cette red\u00e9couverte suscite l&rsquo;\u00e9merveillement et l&rsquo;admiration des horlogers et des passionn\u00e9s du monde entier.<\/p>\n<p>La montre de Caroline Murat est non seulement un objet d&rsquo;une grande valeur historique, mais aussi un exemple pr\u00e9curseur du savoir-faire et de l&rsquo;expertise horlog\u00e8re qui allait se d\u00e9velopper par la suite.<\/p>[\/et_pb_text][\/et_pb_column][et_pb_column type=\u00a0\u00bb1_2&Prime; _builder_version=\u00a0\u00bb4.21.0&Prime; _module_preset=\u00a0\u00bbdefault\u00a0\u00bb global_colors_info=\u00a0\u00bb{}\u00a0\u00bb][et_pb_text _builder_version=\u00a0\u00bb4.21.0&Prime; _module_preset=\u00a0\u00bbdefault\u00a0\u00bb header_font=\u00a0\u00bbInter|700|||||||\u00a0\u00bb header_2_font=\u00a0\u00bb||||||||\u00a0\u00bb header_2_font_size=\u00a0\u00bb19px\u00a0\u00bb custom_margin=\u00a0\u00bb||2px|||\u00a0\u00bb global_colors_info=\u00a0\u00bb{}\u00a0\u00bb]<h2>L&rsquo;h\u00e9ritage des montres-bracelets pour femmes<\/h2>[\/et_pb_text][et_pb_text _builder_version=\u00a0\u00bb4.21.0&Prime; _module_preset=\u00a0\u00bbdefault\u00a0\u00bb global_colors_info=\u00a0\u00bb{}\u00a0\u00bb]<p>La montre-bracelet de Caroline Murat a ouvert la voie \u00e0 une nouvelle \u00e8re pour les femmes. Auparavant, elles se contentaient de porter des montres de poche ou de se r\u00e9f\u00e9rer aux horloges environnantes pour conna\u00eetre l&rsquo;heure.<\/p>\n<p>D\u00e9sormais, elles pouvaient arborer une montre \u00e9l\u00e9gante et pratique \u00e0 leur poignet, une v\u00e9ritable r\u00e9volution en mati\u00e8re de style et de commodit\u00e9.<\/p>[\/et_pb_text][et_pb_text _builder_version=\u00a0\u00bb4.21.0&Prime; _module_preset=\u00a0\u00bbdefault\u00a0\u00bb header_font=\u00a0\u00bbInter|700|||||||\u00a0\u00bb header_2_font=\u00a0\u00bb||||||||\u00a0\u00bb header_2_font_size=\u00a0\u00bb19px\u00a0\u00bb custom_margin=\u00a0\u00bb||2px|||\u00a0\u00bb global_colors_info=\u00a0\u00bb{}\u00a0\u00bb]<h2>L&rsquo;\u00e9volution des montres-bracelets pour femmes<\/h2>[\/et_pb_text][et_pb_text _builder_version=\u00a0\u00bb4.21.0&Prime; _module_preset=\u00a0\u00bbdefault\u00a0\u00bb global_colors_info=\u00a0\u00bb{}\u00a0\u00bb]<p>Depuis la cr\u00e9ation de la premi\u00e8re montre-bracelet pour femmes, les marques horlog\u00e8res ont continu\u00e9 d&rsquo;innover et de cr\u00e9er des designs uniques. Aujourd&rsquo;hui, les montres-bracelets pour femmes sont devenues de v\u00e9ritables bijoux, alliant pr\u00e9cision technique et esth\u00e9tique raffin\u00e9e.<\/p>\n<p>Elles sont disponibles dans une multitude de styles, de mat\u00e9riaux et de fonctions, permettant \u00e0 chaque femme d&rsquo;exprimer sa personnalit\u00e9 \u00e0 travers son choix de montre.<\/p>[\/et_pb_text][\/et_pb_column][\/et_pb_row][et_pb_row _builder_version=\u00a0\u00bb4.21.0&Prime; _module_preset=\u00a0\u00bbdefault\u00a0\u00bb custom_padding=\u00a0\u00bb0px|||||\u00a0\u00bb global_colors_info=\u00a0\u00bb{}\u00a0\u00bb][et_pb_column type=\u00a0\u00bb4_4&Prime; _builder_version=\u00a0\u00bb4.21.0&Prime; _module_preset=\u00a0\u00bbdefault\u00a0\u00bb global_colors_info=\u00a0\u00bb{}\u00a0\u00bb][et_pb_text _builder_version=\u00a0\u00bb4.21.0&Prime; _module_preset=\u00a0\u00bbdefault\u00a0\u00bb header_font=\u00a0\u00bbInter|700|||||||\u00a0\u00bb header_2_font=\u00a0\u00bb||||||||\u00a0\u00bb header_2_font_size=\u00a0\u00bb19px\u00a0\u00bb custom_margin=\u00a0\u00bb-10px||2px|||\u00a0\u00bb global_colors_info=\u00a0\u00bb{}\u00a0\u00bb]<h2>Conclusion<\/h2>[\/et_pb_text][et_pb_text _builder_version=\u00a0\u00bb4.21.0&Prime; _module_preset=\u00a0\u00bbdefault\u00a0\u00bb global_colors_info=\u00a0\u00bb{}\u00a0\u00bb]<p>La montre n\u00b02639 de la Maison Breguet, command\u00e9e par Caroline Murat en 1810, reste une pi\u00e8ce historique embl\u00e9matique. Cette montre-bracelet pour femmes a ouvert la voie \u00e0 une nouvelle \u00e8re dans l&rsquo;univers horloger, donnant aux femmes la libert\u00e9 de porter l&rsquo;heure \u00e0 leur poignet avec style et \u00e9l\u00e9gance.<\/p>\n<p>Aujourd&rsquo;hui, elle continue d&rsquo;inspirer les horlogers et de rappeler l&rsquo;importance de l&rsquo;innovation et du r\u00f4le des femmes dans le monde de la mode et de la technologie.<\/p>[\/et_pb_text][\/et_pb_column][\/et_pb_row][\/et_pb_section]\n","protected":false},"excerpt":{"rendered":"<p>La premi\u00e8re montre braceletIntroductionLes montres-bracelets sont devenues des accessoires incontournables dans le monde de la mode et de la fonctionnalit\u00e9.Mais saviez-vous que la toute premi\u00e8re montre-bracelet pour femmes remonte \u00e0 l&rsquo;ann\u00e9e 1810 ? Aujourd&rsquo;hui, nous plongeons dans l&rsquo;histoire de la montre n\u00b02639 de la Maison Breguet, command\u00e9e par Caroline Murat, la s\u0153ur de Napol\u00e9on Bonaparte [&hellip;]<\/p>\n","protected":false},"author":1,"featured_media":293,"comment_status":"open","ping_status":"open","sticky":false,"template":"","format":"standard","meta":{"_et_pb_use_builder":"on","_et_pb_old_content":"","_et_gb_content_width":"1080","footnotes":""},"categories":[28],"tags":[],"class_list":["post-336","post","type-post","status-publish","format-standard","has-post-thumbnail","hentry","category-28"],"_links":{"self":[{"href":"https:\/\/schurchnews.e-lapse.ch\/index.php?rest_route=\/wp\/v2\/posts\/336","targetHints":{"allow":["GET"]}}],"collection":[{"href":"https:\/\/schurchnews.e-lapse.ch\/index.php?rest_route=\/wp\/v2\/posts"}],"about":[{"href":"https:\/\/schurchnews.e-lapse.ch\/index.php?rest_route=\/wp\/v2\/types\/post"}],"author":[{"embeddable":true,"href":"https:\/\/schurchnews.e-lapse.ch\/index.php?rest_route=\/wp\/v2\/users\/1"}],"replies":[{"embeddable":true,"href":"https:\/\/schurchnews.e-lapse.ch\/index.php?rest_route=%2Fwp%2Fv2%2Fcomments&post=336"}],"version-history":[{"count":66,"href":"https:\/\/schurchnews.e-lapse.ch\/index.php?rest_route=\/wp\/v2\/posts\/336\/revisions"}],"predecessor-version":[{"id":652,"href":"https:\/\/schurchnews.e-lapse.ch\/index.php?rest_route=\/wp\/v2\/posts\/336\/revisions\/652"}],"wp:featuredmedia":[{"embeddable":true,"href":"https:\/\/schurchnews.e-lapse.ch\/index.php?rest_route=\/wp\/v2\/media\/293"}],"wp:attachment":[{"href":"https:\/\/schurchnews.e-lapse.ch\/index.php?rest_route=%2Fwp%2Fv2%2Fmedia&parent=336"}],"wp:term":[{"taxonomy":"category","embeddable":true,"href":"https:\/\/schurchnews.e-lapse.ch\/index.php?rest_route=%2Fwp%2Fv2%2Fcategories&post=336"},{"taxonomy":"post_tag","embeddable":true,"href":"https:\/\/schurchnews.e-lapse.ch\/index.php?rest_route=%2Fwp%2Fv2%2Ftags&post=336"}],"curies":[{"name":"wp","href":"https:\/\/api.w.org\/{rel}","templated":true}]}}